{"id":918,"date":"2024-11-15T10:34:58","date_gmt":"2024-11-15T09:34:58","guid":{"rendered":"https:\/\/consolataafrica.org\/fr\/?p=918"},"modified":"2024-11-25T22:46:49","modified_gmt":"2024-11-25T21:46:49","slug":"superieur-general-message-pour-la-commemorationde-nos-confreres-defunts","status":"publish","type":"post","link":"https:\/\/consolataafrica.org\/fr\/superieur-general-message-pour-la-commemorationde-nos-confreres-defunts\/","title":{"rendered":"Sup\u00e9rieur G\u00e9n\u00e9ral: Message pour la comm\u00e9morationde nos confr\u00e8res d\u00e9funts"},"content":{"rendered":"\n<figure class=\"wp-block-image size-large\"><img loading=\"lazy\" decoding=\"async\" width=\"1024\" height=\"471\" src=\"https:\/\/consolataafrica.org\/fr\/wp-content\/uploads\/2024\/11\/20241112Defunti1-1024x471.jpg\" alt=\"\" class=\"wp-image-919\" srcset=\"https:\/\/consolataafrica.org\/fr\/wp-content\/uploads\/2024\/11\/20241112Defunti1-1024x471.jpg 1024w, https:\/\/consolataafrica.org\/fr\/wp-content\/uploads\/2024\/11\/20241112Defunti1-300x138.jpg 300w, https:\/\/consolataafrica.org\/fr\/wp-content\/uploads\/2024\/11\/20241112Defunti1-768x353.jpg 768w, https:\/\/consolataafrica.org\/fr\/wp-content\/uploads\/2024\/11\/20241112Defunti1.jpg 1300w\" sizes=\"auto, (max-width: 1024px) 100vw, 1024px\" \/><\/figure>\n\n\n\n<blockquote class=\"wp-block-quote is-layout-flow wp-block-quote-is-layout-flow\">\n<p class=\"wp-block-paragraph\">\u00ab\u00a0Nous vivons en communion avec nos confr\u00e8res d\u00e9funts, en nous souvenant de la vie que nous avons pass\u00e9e ensemble, de leur exemple de foi profonde, de z\u00e8le pour la mission et de la pri\u00e8re \u00e0 l&rsquo;occasion de l&rsquo;anniversaire de leur mort et dans la comm\u00e9moration de tous les d\u00e9funts chaque ann\u00e9e le 15 novembre\u00a0\u00bb (cf. Co\u00fbt. 34).<\/p>\n<\/blockquote>\n\n\n\n<h4 class=\"wp-block-heading\"><a href=\"https:\/\/www.consolata.org\/images\/stories\/2024\/11\/Lista%20defunti%20MC-IMC%202024.pdf?_t=1731401461\" target=\"_blank\" rel=\"noreferrer noopener\">Liste des d\u00e9funts MC-IMC 2023-2024<\/a><\/h4>\n\n\n\n<h4 class=\"wp-block-heading\"><a href=\"https:\/\/www.consolata.org\/images\/stories\/2024\/11\/20241112Defunti.jpg?_t=1731401369\" target=\"_blank\" rel=\"noreferrer noopener\">Affiche des d\u00e9funts MC-IMC 2023-2024<\/a><\/h4>\n\n\n\n<p class=\"has-text-align-center has-medium-font-size wp-block-paragraph\">\u00ab<strong>Souvenons-nous de la saintet\u00e9 de nos confr\u00e8res d\u00e9funts<\/strong>\u00bb<\/p>\n\n\n\n<p class=\"has-text-align-center has-medium-font-size wp-block-paragraph\"><\/p>\n\n\n\n\n    <div class='wp-block-pdfp-pdf-poster  alignnone' id='block-2'\n        data-attributes='{&quot;uniqueId&quot;:&quot;pdf-poster1&quot;,&quot;file&quot;:&quot;https:\\\/\\\/consolataafrica.org\\\/fr\\\/wp-content\\\/uploads\\\/2024\\\/11\\\/FRA-Confreres-defunts-2024.pdf&quot;,&quot;title&quot;:&quot;Message pour la comm\\u00e9morationde nos confr\\u00e8res d\\u00e9funts&quot;,&quot;height&quot;:{&quot;desktop&quot;:&quot;842px&quot;,&quot;tablet&quot;:&quot;700px&quot;,&quot;mobile&quot;:&quot;400px&quot;},&quot;width&quot;:{&quot;desktop&quot;:&quot;100%&quot;,&quot;tablet&quot;:&quot;100%&quot;,&quot;mobile&quot;:&quot;100%&quot;},&quot;print&quot;:false,&quot;showName&quot;:true,&quot;downloadButton&quot;:true,&quot;downloadButtonText&quot;:&quot;Download File&quot;,&quot;fullscreenButton&quot;:&quot;1&quot;,&quot;fullscreenButtonText&quot;:&quot;View Fullscreen&quot;,&quot;newWindow&quot;:false,&quot;actionsPosition&quot;:&quot;top&quot;,&quot;protect&quot;:false,&quot;keyboardNav&quot;:false,&quot;rtlMode&quot;:&quot;off&quot;,&quot;themeMode&quot;:&quot;light&quot;,&quot;annotationMode&quot;:true,&quot;openLinksInNewTab&quot;:false,&quot;progressiveLoading&quot;:true,&quot;defaultBrowser&quot;:false,&quot;adobeEmbedder&quot;:&quot;default&quot;,&quot;flipbookSourceType&quot;:&quot;pdf&quot;,&quot;flipbookSound&quot;:true,&quot;flipbookImages&quot;:[],&quot;btnStyles&quot;:{&quot;background&quot;:&quot;#1e73be&quot;,&quot;color&quot;:&quot;#ffffff&quot;,&quot;fontSize&quot;:&quot;1rem&quot;,&quot;padding&quot;:{&quot;top&quot;:10,&quot;right&quot;:20,&quot;bottom&quot;:10,&quot;left&quot;:20}},&quot;socialShare&quot;:{&quot;enabled&quot;:false,&quot;facebook&quot;:true,&quot;twitter&quot;:true,&quot;linkedin&quot;:true,&quot;pinterest&quot;:true,&quot;mailto&quot;:true,&quot;position&quot;:&quot;top&quot;},&quot;align&quot;:&quot;none&quot;,&quot;alignment&quot;:&quot;left&quot;,&quot;titleFontSize&quot;:&quot;16px&quot;,&quot;onlyPDF&quot;:false,&quot;thumbMenu&quot;:false,&quot;sidebarOpen&quot;:false,&quot;initialPage&quot;:0,&quot;alert&quot;:false,&quot;lastVersion&quot;:false,&quot;hrScroll&quot;:false,&quot;isHideRightToolbar&quot;:false,&quot;additional&quot;:{&quot;ID&quot;:&quot;&quot;,&quot;Class&quot;:&quot;&quot;,&quot;CSS&quot;:&quot;&quot;},&quot;adobeOptions&quot;:{&quot;showDownloadPDF&quot;:true,&quot;showPrintPDF&quot;:true,&quot;showAnnotationTools&quot;:true,&quot;showFullScreen&quot;:false,&quot;embedMode&quot;:&quot;SIZED_CONTAINER&quot;},&quot;popupOptions&quot;:{&quot;enabled&quot;:false,&quot;triggerType&quot;:&quot;button&quot;,&quot;image&quot;:&quot;&quot;,&quot;imagePdfIcon&quot;:true,&quot;imageHeight&quot;:&quot;200px&quot;,&quot;imageWidth&quot;:&quot;300px&quot;,&quot;text&quot;:&quot;Open PDF&quot;,&quot;btnStyle&quot;:{&quot;background&quot;:&quot;#2271b1&quot;,&quot;color&quot;:&quot;#fff&quot;,&quot;fontSize&quot;:&quot;16px&quot;,&quot;padding&quot;:{&quot;top&quot;:10,&quot;right&quot;:20,&quot;bottom&quot;:10,&quot;left&quot;:10}}},&quot;popupBtnStyle&quot;:{&quot;background&quot;:&quot;#2271b1&quot;,&quot;color&quot;:&quot;#fff&quot;,&quot;padding&quot;:{&quot;top&quot;:10,&quot;right&quot;:20,&quot;bottom&quot;:10,&quot;left&quot;:10}},&quot;popupBtnText&quot;:&quot;Open Document&quot;,&quot;CSS&quot;:&quot;&quot;,&quot;isPremium&quot;:false}'\n                data-pdfp-theme='light'        style=\"text-align: left\">\n                    <div class=\"pdfp_loading_placeholder\"\n                style=\"height: 842px; width: 100%; display: flex; align-items: center; justify-content: center; background: #f5f5f5; border: 1px solid #ddd;\">\n                <p>Loading Viewer...<\/p>\n            <\/div>\n            <\/div>\n\n","protected":false},"excerpt":{"rendered":"<p>Le souvenir de nos confr\u00e8res d\u00e9funts doit devenir un souvenir vivant des beaux moments pass\u00e9s ensemble et, si nous ne les connaissions pas personnellement, nous devrions demander aux missionnaires seniors de nous parler d&rsquo;eux ou de lire leurs profils avec passion dans la rubrique \u00ab Qui non praecesserunt \u00bb des Bulletins officiels de l&rsquo;Institut. <\/p>\n","protected":false},"author":1,"featured_media":919,"comment_status":"closed","ping_status":"closed","sticky":false,"template":"","format":"standard","meta":{"footnotes":""},"categories":[3,6,67,4,68,71],"tags":[],"class_list":["post-918","post","type-post","status-publish","format-standard","has-post-thumbnail","hentry","category-a-la-une","category-a-la-une-nouvelles","category-mission","category-nouvelles","category-spiritualite","category-vocation"],"yoast_head":"<!-- This site is optimized with the Yoast SEO plugin v28.2 - https:\/\/yoast.com\/product\/yoast-seo-wordpress\/ -->\n<title>Sup\u00e9rieur G\u00e9n\u00e9ral: Message pour la comm\u00e9morationde nos confr\u00e8res d\u00e9funts - Consolata Africa<\/title>\n<meta name=\"robots\" content=\"index, follow, max-snippet:-1, max-image-preview:large, max-video-preview:-1\" \/>\n<link rel=\"canonical\" href=\"https:\/\/consolataafrica.org\/fr\/superieur-general-message-pour-la-commemorationde-nos-confreres-defunts\/\" \/>\n<meta property=\"og:locale\" content=\"fr_FR\" \/>\n<meta property=\"og:type\" content=\"article\" \/>\n<meta property=\"og:title\" content=\"Sup\u00e9rieur G\u00e9n\u00e9ral: Message pour la comm\u00e9morationde nos confr\u00e8res d\u00e9funts - Consolata Africa\" \/>\n<meta property=\"og:description\" content=\"Le souvenir de nos confr\u00e8res d\u00e9funts doit devenir un souvenir vivant des beaux moments pass\u00e9s ensemble et, si nous ne les connaissions pas personnellement, nous devrions demander aux missionnaires seniors de nous parler d&#039;eux ou de lire leurs profils avec passion dans la rubrique \u00ab Qui non praecesserunt \u00bb des Bulletins officiels de l&#039;Institut.\" \/>\n<meta property=\"og:url\" content=\"https:\/\/consolataafrica.org\/fr\/superieur-general-message-pour-la-commemorationde-nos-confreres-defunts\/\" \/>\n<meta property=\"og:site_name\" content=\"Consolata Africa\" \/>\n<meta property=\"article:published_time\" content=\"2024-11-15T09:34:58+00:00\" \/>\n<meta property=\"article:modified_time\" content=\"2024-11-25T21:46:49+00:00\" \/>\n<meta property=\"og:image\" content=\"https:\/\/consolataafrica.org\/fr\/wp-content\/uploads\/2024\/11\/20241112Defunti1.jpg\" \/>\n\t<meta property=\"og:image:width\" content=\"1300\" \/>\n\t<meta property=\"og:image:height\" content=\"598\" \/>\n\t<meta property=\"og:image:type\" content=\"image\/jpeg\" \/>\n<meta name=\"author\" content=\"consaf@adm\" \/>\n<meta name=\"twitter:card\" content=\"summary_large_image\" \/>\n<meta name=\"twitter:label1\" content=\"\u00c9crit par\" \/>\n\t<meta name=\"twitter:data1\" content=\"consaf@adm\" \/>\n\t<meta name=\"twitter:label2\" content=\"Dur\u00e9e de lecture estim\u00e9e\" \/>\n\t<meta name=\"twitter:data2\" content=\"1 minute\" \/>\n<script type=\"application\/ld+json\" class=\"yoast-schema-graph\">{\"@context\":\"https:\\\/\\\/schema.org\",\"@graph\":[{\"@type\":\"Article\",\"@id\":\"https:\\\/\\\/consolataafrica.org\\\/fr\\\/superieur-general-message-pour-la-commemorationde-nos-confreres-defunts\\\/#article\",\"isPartOf\":{\"@id\":\"https:\\\/\\\/consolataafrica.org\\\/fr\\\/superieur-general-message-pour-la-commemorationde-nos-confreres-defunts\\\/\"},\"author\":{\"name\":\"consaf@adm\",\"@id\":\"https:\\\/\\\/consolataafrica.org\\\/fr\\\/#\\\/schema\\\/person\\\/4a24ca8466fa182069d14eba7ca61e4a\"},\"headline\":\"Sup\u00e9rieur G\u00e9n\u00e9ral: Message pour la comm\u00e9morationde nos confr\u00e8res d\u00e9funts\",\"datePublished\":\"2024-11-15T09:34:58+00:00\",\"dateModified\":\"2024-11-25T21:46:49+00:00\",\"mainEntityOfPage\":{\"@id\":\"https:\\\/\\\/consolataafrica.org\\\/fr\\\/superieur-general-message-pour-la-commemorationde-nos-confreres-defunts\\\/\"},\"wordCount\":104,\"image\":{\"@id\":\"https:\\\/\\\/consolataafrica.org\\\/fr\\\/superieur-general-message-pour-la-commemorationde-nos-confreres-defunts\\\/#primaryimage\"},\"thumbnailUrl\":\"https:\\\/\\\/consolataafrica.org\\\/fr\\\/wp-content\\\/uploads\\\/2024\\\/11\\\/20241112Defunti1.jpg\",\"articleSection\":[\"\u00c0 la une\",\"\u00c0 la une\",\"Mission\",\"Nouvelles\",\"Spiritualit\u00e9\",\"Vocation\"],\"inLanguage\":\"fr-FR\"},{\"@type\":\"WebPage\",\"@id\":\"https:\\\/\\\/consolataafrica.org\\\/fr\\\/superieur-general-message-pour-la-commemorationde-nos-confreres-defunts\\\/\",\"url\":\"https:\\\/\\\/consolataafrica.org\\\/fr\\\/superieur-general-message-pour-la-commemorationde-nos-confreres-defunts\\\/\",\"name\":\"Sup\u00e9rieur G\u00e9n\u00e9ral: Message pour la comm\u00e9morationde nos confr\u00e8res d\u00e9funts - Consolata Africa\",\"isPartOf\":{\"@id\":\"https:\\\/\\\/consolataafrica.org\\\/fr\\\/#website\"},\"primaryImageOfPage\":{\"@id\":\"https:\\\/\\\/consolataafrica.org\\\/fr\\\/superieur-general-message-pour-la-commemorationde-nos-confreres-defunts\\\/#primaryimage\"},\"image\":{\"@id\":\"https:\\\/\\\/consolataafrica.org\\\/fr\\\/superieur-general-message-pour-la-commemorationde-nos-confreres-defunts\\\/#primaryimage\"},\"thumbnailUrl\":\"https:\\\/\\\/consolataafrica.org\\\/fr\\\/wp-content\\\/uploads\\\/2024\\\/11\\\/20241112Defunti1.jpg\",\"datePublished\":\"2024-11-15T09:34:58+00:00\",\"dateModified\":\"2024-11-25T21:46:49+00:00\",\"author\":{\"@id\":\"https:\\\/\\\/consolataafrica.org\\\/fr\\\/#\\\/schema\\\/person\\\/4a24ca8466fa182069d14eba7ca61e4a\"},\"breadcrumb\":{\"@id\":\"https:\\\/\\\/consolataafrica.org\\\/fr\\\/superieur-general-message-pour-la-commemorationde-nos-confreres-defunts\\\/#breadcrumb\"},\"inLanguage\":\"fr-FR\",\"potentialAction\":[{\"@type\":\"ReadAction\",\"target\":[\"https:\\\/\\\/consolataafrica.org\\\/fr\\\/superieur-general-message-pour-la-commemorationde-nos-confreres-defunts\\\/\"]}]},{\"@type\":\"ImageObject\",\"inLanguage\":\"fr-FR\",\"@id\":\"https:\\\/\\\/consolataafrica.org\\\/fr\\\/superieur-general-message-pour-la-commemorationde-nos-confreres-defunts\\\/#primaryimage\",\"url\":\"https:\\\/\\\/consolataafrica.org\\\/fr\\\/wp-content\\\/uploads\\\/2024\\\/11\\\/20241112Defunti1.jpg\",\"contentUrl\":\"https:\\\/\\\/consolataafrica.org\\\/fr\\\/wp-content\\\/uploads\\\/2024\\\/11\\\/20241112Defunti1.jpg\",\"width\":1300,\"height\":598},{\"@type\":\"BreadcrumbList\",\"@id\":\"https:\\\/\\\/consolataafrica.org\\\/fr\\\/superieur-general-message-pour-la-commemorationde-nos-confreres-defunts\\\/#breadcrumb\",\"itemListElement\":[{\"@type\":\"ListItem\",\"position\":1,\"name\":\"Accueil\",\"item\":\"https:\\\/\\\/consolataafrica.org\\\/fr\\\/\"},{\"@type\":\"ListItem\",\"position\":2,\"name\":\"Sup\u00e9rieur G\u00e9n\u00e9ral: Message pour la comm\u00e9morationde nos confr\u00e8res d\u00e9funts\"}]},{\"@type\":\"WebSite\",\"@id\":\"https:\\\/\\\/consolataafrica.org\\\/fr\\\/#website\",\"url\":\"https:\\\/\\\/consolataafrica.org\\\/fr\\\/\",\"name\":\"Consolata Africa\",\"description\":\"Consolata Missionaries in the Continent of Africa\",\"potentialAction\":[{\"@type\":\"SearchAction\",\"target\":{\"@type\":\"EntryPoint\",\"urlTemplate\":\"https:\\\/\\\/consolataafrica.org\\\/fr\\\/?s={search_term_string}\"},\"query-input\":{\"@type\":\"PropertyValueSpecification\",\"valueRequired\":true,\"valueName\":\"search_term_string\"}}],\"inLanguage\":\"fr-FR\"},{\"@type\":\"Person\",\"@id\":\"https:\\\/\\\/consolataafrica.org\\\/fr\\\/#\\\/schema\\\/person\\\/4a24ca8466fa182069d14eba7ca61e4a\",\"name\":\"consaf@adm\",\"sameAs\":[\"https:\\\/\\\/consolataafrica.org\\\/fr\"],\"url\":\"https:\\\/\\\/consolataafrica.org\\\/fr\\\/author\\\/consafadm\\\/\"}]}<\/script>\n<!-- \/ Yoast SEO plugin. -->","yoast_head_json":{"title":"Sup\u00e9rieur G\u00e9n\u00e9ral: Message pour la comm\u00e9morationde nos confr\u00e8res d\u00e9funts - Consolata Africa","robots":{"index":"index","follow":"follow","max-snippet":"max-snippet:-1","max-image-preview":"max-image-preview:large","max-video-preview":"max-video-preview:-1"},"canonical":"https:\/\/consolataafrica.org\/fr\/superieur-general-message-pour-la-commemorationde-nos-confreres-defunts\/","og_locale":"fr_FR","og_type":"article","og_title":"Sup\u00e9rieur G\u00e9n\u00e9ral: Message pour la comm\u00e9morationde nos confr\u00e8res d\u00e9funts - Consolata Africa","og_description":"Le souvenir de nos confr\u00e8res d\u00e9funts doit devenir un souvenir vivant des beaux moments pass\u00e9s ensemble et, si nous ne les connaissions pas personnellement, nous devrions demander aux missionnaires seniors de nous parler d'eux ou de lire leurs profils avec passion dans la rubrique \u00ab Qui non praecesserunt \u00bb des Bulletins officiels de l'Institut.","og_url":"https:\/\/consolataafrica.org\/fr\/superieur-general-message-pour-la-commemorationde-nos-confreres-defunts\/","og_site_name":"Consolata Africa","article_published_time":"2024-11-15T09:34:58+00:00","article_modified_time":"2024-11-25T21:46:49+00:00","og_image":[{"width":1300,"height":598,"url":"https:\/\/consolataafrica.org\/fr\/wp-content\/uploads\/2024\/11\/20241112Defunti1.jpg","type":"image\/jpeg"}],"author":"consaf@adm","twitter_card":"summary_large_image","twitter_misc":{"\u00c9crit par":"consaf@adm","Dur\u00e9e de lecture estim\u00e9e":"1 minute"},"schema":{"@context":"https:\/\/schema.org","@graph":[{"@type":"Article","@id":"https:\/\/consolataafrica.org\/fr\/superieur-general-message-pour-la-commemorationde-nos-confreres-defunts\/#article","isPartOf":{"@id":"https:\/\/consolataafrica.org\/fr\/superieur-general-message-pour-la-commemorationde-nos-confreres-defunts\/"},"author":{"name":"consaf@adm","@id":"https:\/\/consolataafrica.org\/fr\/#\/schema\/person\/4a24ca8466fa182069d14eba7ca61e4a"},"headline":"Sup\u00e9rieur G\u00e9n\u00e9ral: Message pour la comm\u00e9morationde nos confr\u00e8res d\u00e9funts","datePublished":"2024-11-15T09:34:58+00:00","dateModified":"2024-11-25T21:46:49+00:00","mainEntityOfPage":{"@id":"https:\/\/consolataafrica.org\/fr\/superieur-general-message-pour-la-commemorationde-nos-confreres-defunts\/"},"wordCount":104,"image":{"@id":"https:\/\/consolataafrica.org\/fr\/superieur-general-message-pour-la-commemorationde-nos-confreres-defunts\/#primaryimage"},"thumbnailUrl":"https:\/\/consolataafrica.org\/fr\/wp-content\/uploads\/2024\/11\/20241112Defunti1.jpg","articleSection":["\u00c0 la une","\u00c0 la une","Mission","Nouvelles","Spiritualit\u00e9","Vocation"],"inLanguage":"fr-FR"},{"@type":"WebPage","@id":"https:\/\/consolataafrica.org\/fr\/superieur-general-message-pour-la-commemorationde-nos-confreres-defunts\/","url":"https:\/\/consolataafrica.org\/fr\/superieur-general-message-pour-la-commemorationde-nos-confreres-defunts\/","name":"Sup\u00e9rieur G\u00e9n\u00e9ral: Message pour la comm\u00e9morationde nos confr\u00e8res d\u00e9funts - Consolata Africa","isPartOf":{"@id":"https:\/\/consolataafrica.org\/fr\/#website"},"primaryImageOfPage":{"@id":"https:\/\/consolataafrica.org\/fr\/superieur-general-message-pour-la-commemorationde-nos-confreres-defunts\/#primaryimage"},"image":{"@id":"https:\/\/consolataafrica.org\/fr\/superieur-general-message-pour-la-commemorationde-nos-confreres-defunts\/#primaryimage"},"thumbnailUrl":"https:\/\/consolataafrica.org\/fr\/wp-content\/uploads\/2024\/11\/20241112Defunti1.jpg","datePublished":"2024-11-15T09:34:58+00:00","dateModified":"2024-11-25T21:46:49+00:00","author":{"@id":"https:\/\/consolataafrica.org\/fr\/#\/schema\/person\/4a24ca8466fa182069d14eba7ca61e4a"},"breadcrumb":{"@id":"https:\/\/consolataafrica.org\/fr\/superieur-general-message-pour-la-commemorationde-nos-confreres-defunts\/#breadcrumb"},"inLanguage":"fr-FR","potentialAction":[{"@type":"ReadAction","target":["https:\/\/consolataafrica.org\/fr\/superieur-general-message-pour-la-commemorationde-nos-confreres-defunts\/"]}]},{"@type":"ImageObject","inLanguage":"fr-FR","@id":"https:\/\/consolataafrica.org\/fr\/superieur-general-message-pour-la-commemorationde-nos-confreres-defunts\/#primaryimage","url":"https:\/\/consolataafrica.org\/fr\/wp-content\/uploads\/2024\/11\/20241112Defunti1.jpg","contentUrl":"https:\/\/consolataafrica.org\/fr\/wp-content\/uploads\/2024\/11\/20241112Defunti1.jpg","width":1300,"height":598},{"@type":"BreadcrumbList","@id":"https:\/\/consolataafrica.org\/fr\/superieur-general-message-pour-la-commemorationde-nos-confreres-defunts\/#breadcrumb","itemListElement":[{"@type":"ListItem","position":1,"name":"Accueil","item":"https:\/\/consolataafrica.org\/fr\/"},{"@type":"ListItem","position":2,"name":"Sup\u00e9rieur G\u00e9n\u00e9ral: Message pour la comm\u00e9morationde nos confr\u00e8res d\u00e9funts"}]},{"@type":"WebSite","@id":"https:\/\/consolataafrica.org\/fr\/#website","url":"https:\/\/consolataafrica.org\/fr\/","name":"Consolata Africa","description":"Consolata Missionaries in the Continent of Africa","potentialAction":[{"@type":"SearchAction","target":{"@type":"EntryPoint","urlTemplate":"https:\/\/consolataafrica.org\/fr\/?s={search_term_string}"},"query-input":{"@type":"PropertyValueSpecification","valueRequired":true,"valueName":"search_term_string"}}],"inLanguage":"fr-FR"},{"@type":"Person","@id":"https:\/\/consolataafrica.org\/fr\/#\/schema\/person\/4a24ca8466fa182069d14eba7ca61e4a","name":"consaf@adm","sameAs":["https:\/\/consolataafrica.org\/fr"],"url":"https:\/\/consolataafrica.org\/fr\/author\/consafadm\/"}]}},"_links":{"self":[{"href":"https:\/\/consolataafrica.org\/fr\/wp-json\/wp\/v2\/posts\/918","targetHints":{"allow":["GET"]}}],"collection":[{"href":"https:\/\/consolataafrica.org\/fr\/wp-json\/wp\/v2\/posts"}],"about":[{"href":"https:\/\/consolataafrica.org\/fr\/wp-json\/wp\/v2\/types\/post"}],"author":[{"embeddable":true,"href":"https:\/\/consolataafrica.org\/fr\/wp-json\/wp\/v2\/users\/1"}],"replies":[{"embeddable":true,"href":"https:\/\/consolataafrica.org\/fr\/wp-json\/wp\/v2\/comments?post=918"}],"version-history":[{"count":4,"href":"https:\/\/consolataafrica.org\/fr\/wp-json\/wp\/v2\/posts\/918\/revisions"}],"predecessor-version":[{"id":926,"href":"https:\/\/consolataafrica.org\/fr\/wp-json\/wp\/v2\/posts\/918\/revisions\/926"}],"wp:featuredmedia":[{"embeddable":true,"href":"https:\/\/consolataafrica.org\/fr\/wp-json\/wp\/v2\/media\/919"}],"wp:attachment":[{"href":"https:\/\/consolataafrica.org\/fr\/wp-json\/wp\/v2\/media?parent=918"}],"wp:term":[{"taxonomy":"category","embeddable":true,"href":"https:\/\/consolataafrica.org\/fr\/wp-json\/wp\/v2\/categories?post=918"},{"taxonomy":"post_tag","embeddable":true,"href":"https:\/\/consolataafrica.org\/fr\/wp-json\/wp\/v2\/tags?post=918"}],"curies":[{"name":"wp","href":"https:\/\/api.w.org\/{rel}","templated":true}]}}