{"id":257,"date":"2024-05-16T17:35:15","date_gmt":"2024-05-16T15:35:15","guid":{"rendered":"https:\/\/consolataafrica.org\/fr\/?p=257"},"modified":"2024-05-24T17:10:42","modified_gmt":"2024-05-24T15:10:42","slug":"nouveau-conseil-en-cote-divoire","status":"publish","type":"post","link":"https:\/\/consolataafrica.org\/fr\/nouveau-conseil-en-cote-divoire\/","title":{"rendered":"Nouveau Conseil en C\u00f4te d\u2019Ivoire"},"content":{"rendered":"\n<figure class=\"wp-block-image size-large\"><img loading=\"lazy\" decoding=\"async\" width=\"1024\" height=\"576\" src=\"https:\/\/consolataafrica.org\/fr\/wp-content\/uploads\/2024\/05\/20240516Ariel2-1024x576.jpg\" alt=\"\" class=\"wp-image-258\" srcset=\"https:\/\/consolataafrica.org\/fr\/wp-content\/uploads\/2024\/05\/20240516Ariel2-1024x576.jpg 1024w, https:\/\/consolataafrica.org\/fr\/wp-content\/uploads\/2024\/05\/20240516Ariel2-300x169.jpg 300w, https:\/\/consolataafrica.org\/fr\/wp-content\/uploads\/2024\/05\/20240516Ariel2-768x432.jpg 768w, https:\/\/consolataafrica.org\/fr\/wp-content\/uploads\/2024\/05\/20240516Ariel2.jpg 1080w\" sizes=\"auto, (max-width: 1024px) 100vw, 1024px\" \/><figcaption class=\"wp-element-caption\">Messe dans la communaut\u00e9 IMC de San Pedro. Photo: Ariel Tosoni<\/figcaption><\/figure>\n\n\n\n<blockquote class=\"wp-block-quote is-layout-flow wp-block-quote-is-layout-flow\">\n<p>En la f\u00eate de Saint Matthias l&rsquo;Ap\u00f4tre, ce mardi 14 mai 2024, pendant la messe du matin dans la communaut\u00e9 IMC de San Pedro, si\u00e8ge de la d\u00e9l\u00e9gation le nouveau Conseil des missionnaires de la Consolata en C\u00f4te d\u2019Ivoire a pr\u00eat\u00e9 serment de foi et de fid\u00e9lit\u00e9 \u00e0 l\u2019\u00c9glise et \u00e0 l\u2019Institut.<\/p>\n<\/blockquote>\n\n\n\n<p><strong><em>Par Ariel Tosoni *<\/em><\/strong><\/p>\n\n\n\n<p>Devant plusieurs membres de la communaut\u00e9 des amis de la Consolata, le nouveau Sup\u00e9rieur, p\u00e8re Celestino Marandu et le vice-Sup\u00e9rieur p\u00e8re John Baptist Odunga ont \u00e9mis leur profession de foi, tandis que le p\u00e8re Ariel Tosoni a prononc\u00e9 son serment en tant que nouveau Conseilleur.<\/p>\n\n\n\n<p>Dans la premi\u00e8re lecture du livre des Actes des Ap\u00f4tres on peut lire : <em>\u201cOn tira au sort entre eux, et le sort tomba sur Matthias, qui fut donc associ\u00e9 par suffrage aux onze Ap\u00f4tres\u201d( Ac 1, 24-26)<\/em><\/p>\n\n\n\n<figure class=\"wp-block-image size-large\"><img loading=\"lazy\" decoding=\"async\" width=\"1024\" height=\"576\" src=\"https:\/\/consolataafrica.org\/fr\/wp-content\/uploads\/2024\/05\/20240516Ariel4-1024x576.jpg\" alt=\"\" class=\"wp-image-261\" srcset=\"https:\/\/consolataafrica.org\/fr\/wp-content\/uploads\/2024\/05\/20240516Ariel4-1024x576.jpg 1024w, https:\/\/consolataafrica.org\/fr\/wp-content\/uploads\/2024\/05\/20240516Ariel4-300x169.jpg 300w, https:\/\/consolataafrica.org\/fr\/wp-content\/uploads\/2024\/05\/20240516Ariel4-768x432.jpg 768w, https:\/\/consolataafrica.org\/fr\/wp-content\/uploads\/2024\/05\/20240516Ariel4.jpg 1072w\" sizes=\"auto, (max-width: 1024px) 100vw, 1024px\" \/><figcaption class=\"wp-element-caption\">Sup\u00e9rieur de la D\u00e9l\u00e9gation IMC en C\u00f4te d\u2019Ivoire, p\u00e8re Celestino Marandu<\/figcaption><\/figure>\n\n\n\n<p>Ce nouveau Conseil a \u00e9t\u00e9 choisi pour la p\u00e9riode 2024-2025 apr\u00e8s la disparition de l\u2019ancien Sup\u00e9rieur de la D\u00e9l\u00e9gation, p\u00e8re Matteo Pettinari le jeudi 18 avril dernier. Nous confions les membres du Conseil de la D\u00e9l\u00e9gation sous la protection de San Matthias ap\u00f4tre: <em>\u00ab\u00a0Il faut donc que l\u2019un d\u2019entre eux devienne, avec nous, t\u00e9moin de sa r\u00e9surrection (Ac 1, 21-22).<\/em><\/p>\n\n\n\n<p><em>Comme si bien l\u2019a \u00e9crit dans son hom\u00e9lie de Saint Jean Chrysostome, ce verset du livre des Actes des Ap\u00f4tres \u201cindique qu\u2019ils doivent avoir v\u00e9cu avec lui et ne pas avoir \u00e9t\u00e9 de simples disciples\u201d.<\/em><\/p>\n\n\n\n<p><em>* P\u00e8re Ariel Tosoni, est missionaire de la Consolata argentin que travaille en C\u00f4te d\u2019Ivoire.<\/em><\/p>\n\n\n\n<figure class=\"wp-block-image size-large\"><img loading=\"lazy\" decoding=\"async\" width=\"1024\" height=\"576\" src=\"https:\/\/consolataafrica.org\/fr\/wp-content\/uploads\/2024\/05\/20240516Ariel-1024x576.jpg\" alt=\"\" class=\"wp-image-262\" srcset=\"https:\/\/consolataafrica.org\/fr\/wp-content\/uploads\/2024\/05\/20240516Ariel-1024x576.jpg 1024w, https:\/\/consolataafrica.org\/fr\/wp-content\/uploads\/2024\/05\/20240516Ariel-300x169.jpg 300w, https:\/\/consolataafrica.org\/fr\/wp-content\/uploads\/2024\/05\/20240516Ariel-768x432.jpg 768w, https:\/\/consolataafrica.org\/fr\/wp-content\/uploads\/2024\/05\/20240516Ariel.jpg 1077w\" sizes=\"auto, (max-width: 1024px) 100vw, 1024px\" \/><\/figure>\n","protected":false},"excerpt":{"rendered":"<p>En la f\u00eate de Saint Matthias l&rsquo;Ap\u00f4tre, ce mardi 14 mai 2024, pendant la messe du matin dans la communaut\u00e9 IMC de San Pedro, si\u00e8ge de la d\u00e9l\u00e9gation le nouveau Conseil des missionnaires de la Consolata en C\u00f4te d\u2019Ivoire a pr\u00eat\u00e9 serment de foi et de fid\u00e9lit\u00e9 \u00e0 l\u2019\u00c9glise et \u00e0 l\u2019Institut.<\/p>\n","protected":false},"author":1,"featured_media":258,"comment_status":"closed","ping_status":"closed","sticky":false,"template":"","format":"standard","meta":{"footnotes":""},"categories":[3,6,4],"tags":[10,12],"class_list":["post-257","post","type-post","status-publish","format-standard","has-post-thumbnail","hentry","category-a-la-une","category-a-la-une-nouvelles","category-nouvelles","tag-cote-divoire","tag-imc"],"yoast_head":"<!-- This site is optimized with the Yoast SEO plugin v22.5 - https:\/\/yoast.com\/wordpress\/plugins\/seo\/ -->\n<title>Nouveau Conseil en C\u00f4te d\u2019Ivoire - Consolata Africa<\/title>\n<meta name=\"robots\" content=\"index, follow, max-snippet:-1, max-image-preview:large, max-video-preview:-1\" \/>\n<link rel=\"canonical\" href=\"https:\/\/consolataafrica.org\/fr\/nouveau-conseil-en-cote-divoire\/\" \/>\n<meta property=\"og:locale\" content=\"fr_FR\" \/>\n<meta property=\"og:type\" content=\"article\" \/>\n<meta property=\"og:title\" content=\"Nouveau Conseil en C\u00f4te d\u2019Ivoire - Consolata Africa\" \/>\n<meta property=\"og:description\" content=\"En la f\u00eate de Saint Matthias l&#039;Ap\u00f4tre, ce mardi 14 mai 2024, pendant la messe du matin dans la communaut\u00e9 IMC de San Pedro, si\u00e8ge de la d\u00e9l\u00e9gation le nouveau Conseil des missionnaires de la Consolata en C\u00f4te d\u2019Ivoire a pr\u00eat\u00e9 serment de foi et de fid\u00e9lit\u00e9 \u00e0 l\u2019\u00c9glise et \u00e0 l\u2019Institut.\" \/>\n<meta property=\"og:url\" content=\"https:\/\/consolataafrica.org\/fr\/nouveau-conseil-en-cote-divoire\/\" \/>\n<meta property=\"og:site_name\" content=\"Consolata Africa\" \/>\n<meta property=\"article:published_time\" content=\"2024-05-16T15:35:15+00:00\" \/>\n<meta property=\"article:modified_time\" content=\"2024-05-24T15:10:42+00:00\" \/>\n<meta property=\"og:image\" content=\"https:\/\/consolataafrica.org\/fr\/wp-content\/uploads\/2024\/05\/20240516Ariel2.jpg\" \/>\n\t<meta property=\"og:image:width\" content=\"1080\" \/>\n\t<meta property=\"og:image:height\" content=\"608\" \/>\n\t<meta property=\"og:image:type\" content=\"image\/jpeg\" \/>\n<meta name=\"author\" content=\"consaf@adm\" \/>\n<meta name=\"twitter:card\" content=\"summary_large_image\" \/>\n<meta name=\"twitter:label1\" content=\"\u00c9crit par\" \/>\n\t<meta name=\"twitter:data1\" content=\"consaf@adm\" \/>\n\t<meta name=\"twitter:label2\" content=\"Dur\u00e9e de lecture estim\u00e9e\" \/>\n\t<meta name=\"twitter:data2\" content=\"2 minutes\" \/>\n<script type=\"application\/ld+json\" class=\"yoast-schema-graph\">{\"@context\":\"https:\/\/schema.org\",\"@graph\":[{\"@type\":\"WebPage\",\"@id\":\"https:\/\/consolataafrica.org\/fr\/nouveau-conseil-en-cote-divoire\/\",\"url\":\"https:\/\/consolataafrica.org\/fr\/nouveau-conseil-en-cote-divoire\/\",\"name\":\"Nouveau Conseil en C\u00f4te d\u2019Ivoire - Consolata Africa\",\"isPartOf\":{\"@id\":\"https:\/\/consolataafrica.org\/fr\/#website\"},\"primaryImageOfPage\":{\"@id\":\"https:\/\/consolataafrica.org\/fr\/nouveau-conseil-en-cote-divoire\/#primaryimage\"},\"image\":{\"@id\":\"https:\/\/consolataafrica.org\/fr\/nouveau-conseil-en-cote-divoire\/#primaryimage\"},\"thumbnailUrl\":\"https:\/\/consolataafrica.org\/fr\/wp-content\/uploads\/2024\/05\/20240516Ariel2.jpg\",\"datePublished\":\"2024-05-16T15:35:15+00:00\",\"dateModified\":\"2024-05-24T15:10:42+00:00\",\"author\":{\"@id\":\"https:\/\/consolataafrica.org\/fr\/#\/schema\/person\/4a24ca8466fa182069d14eba7ca61e4a\"},\"breadcrumb\":{\"@id\":\"https:\/\/consolataafrica.org\/fr\/nouveau-conseil-en-cote-divoire\/#breadcrumb\"},\"inLanguage\":\"fr-FR\",\"potentialAction\":[{\"@type\":\"ReadAction\",\"target\":[\"https:\/\/consolataafrica.org\/fr\/nouveau-conseil-en-cote-divoire\/\"]}]},{\"@type\":\"ImageObject\",\"inLanguage\":\"fr-FR\",\"@id\":\"https:\/\/consolataafrica.org\/fr\/nouveau-conseil-en-cote-divoire\/#primaryimage\",\"url\":\"https:\/\/consolataafrica.org\/fr\/wp-content\/uploads\/2024\/05\/20240516Ariel2.jpg\",\"contentUrl\":\"https:\/\/consolataafrica.org\/fr\/wp-content\/uploads\/2024\/05\/20240516Ariel2.jpg\",\"width\":1080,\"height\":608},{\"@type\":\"BreadcrumbList\",\"@id\":\"https:\/\/consolataafrica.org\/fr\/nouveau-conseil-en-cote-divoire\/#breadcrumb\",\"itemListElement\":[{\"@type\":\"ListItem\",\"position\":1,\"name\":\"Accueil\",\"item\":\"https:\/\/consolataafrica.org\/fr\/\"},{\"@type\":\"ListItem\",\"position\":2,\"name\":\"Nouveau Conseil en C\u00f4te d\u2019Ivoire\"}]},{\"@type\":\"WebSite\",\"@id\":\"https:\/\/consolataafrica.org\/fr\/#website\",\"url\":\"https:\/\/consolataafrica.org\/fr\/\",\"name\":\"Consolata Africa\",\"description\":\"Consolata Missionaries in the Continent of Africa\",\"potentialAction\":[{\"@type\":\"SearchAction\",\"target\":{\"@type\":\"EntryPoint\",\"urlTemplate\":\"https:\/\/consolataafrica.org\/fr\/?s={search_term_string}\"},\"query-input\":\"required name=search_term_string\"}],\"inLanguage\":\"fr-FR\"},{\"@type\":\"Person\",\"@id\":\"https:\/\/consolataafrica.org\/fr\/#\/schema\/person\/4a24ca8466fa182069d14eba7ca61e4a\",\"name\":\"consaf@adm\",\"sameAs\":[\"https:\/\/consolataafrica.org\/fr\"],\"url\":\"https:\/\/consolataafrica.org\/fr\/author\/consafadm\/\"}]}<\/script>\n<!-- \/ Yoast SEO plugin. -->","yoast_head_json":{"title":"Nouveau Conseil en C\u00f4te d\u2019Ivoire - Consolata Africa","robots":{"index":"index","follow":"follow","max-snippet":"max-snippet:-1","max-image-preview":"max-image-preview:large","max-video-preview":"max-video-preview:-1"},"canonical":"https:\/\/consolataafrica.org\/fr\/nouveau-conseil-en-cote-divoire\/","og_locale":"fr_FR","og_type":"article","og_title":"Nouveau Conseil en C\u00f4te d\u2019Ivoire - Consolata Africa","og_description":"En la f\u00eate de Saint Matthias l'Ap\u00f4tre, ce mardi 14 mai 2024, pendant la messe du matin dans la communaut\u00e9 IMC de San Pedro, si\u00e8ge de la d\u00e9l\u00e9gation le nouveau Conseil des missionnaires de la Consolata en C\u00f4te d\u2019Ivoire a pr\u00eat\u00e9 serment de foi et de fid\u00e9lit\u00e9 \u00e0 l\u2019\u00c9glise et \u00e0 l\u2019Institut.","og_url":"https:\/\/consolataafrica.org\/fr\/nouveau-conseil-en-cote-divoire\/","og_site_name":"Consolata Africa","article_published_time":"2024-05-16T15:35:15+00:00","article_modified_time":"2024-05-24T15:10:42+00:00","og_image":[{"width":1080,"height":608,"url":"https:\/\/consolataafrica.org\/fr\/wp-content\/uploads\/2024\/05\/20240516Ariel2.jpg","type":"image\/jpeg"}],"author":"consaf@adm","twitter_card":"summary_large_image","twitter_misc":{"\u00c9crit par":"consaf@adm","Dur\u00e9e de lecture estim\u00e9e":"2 minutes"},"schema":{"@context":"https:\/\/schema.org","@graph":[{"@type":"WebPage","@id":"https:\/\/consolataafrica.org\/fr\/nouveau-conseil-en-cote-divoire\/","url":"https:\/\/consolataafrica.org\/fr\/nouveau-conseil-en-cote-divoire\/","name":"Nouveau Conseil en C\u00f4te d\u2019Ivoire - Consolata Africa","isPartOf":{"@id":"https:\/\/consolataafrica.org\/fr\/#website"},"primaryImageOfPage":{"@id":"https:\/\/consolataafrica.org\/fr\/nouveau-conseil-en-cote-divoire\/#primaryimage"},"image":{"@id":"https:\/\/consolataafrica.org\/fr\/nouveau-conseil-en-cote-divoire\/#primaryimage"},"thumbnailUrl":"https:\/\/consolataafrica.org\/fr\/wp-content\/uploads\/2024\/05\/20240516Ariel2.jpg","datePublished":"2024-05-16T15:35:15+00:00","dateModified":"2024-05-24T15:10:42+00:00","author":{"@id":"https:\/\/consolataafrica.org\/fr\/#\/schema\/person\/4a24ca8466fa182069d14eba7ca61e4a"},"breadcrumb":{"@id":"https:\/\/consolataafrica.org\/fr\/nouveau-conseil-en-cote-divoire\/#breadcrumb"},"inLanguage":"fr-FR","potentialAction":[{"@type":"ReadAction","target":["https:\/\/consolataafrica.org\/fr\/nouveau-conseil-en-cote-divoire\/"]}]},{"@type":"ImageObject","inLanguage":"fr-FR","@id":"https:\/\/consolataafrica.org\/fr\/nouveau-conseil-en-cote-divoire\/#primaryimage","url":"https:\/\/consolataafrica.org\/fr\/wp-content\/uploads\/2024\/05\/20240516Ariel2.jpg","contentUrl":"https:\/\/consolataafrica.org\/fr\/wp-content\/uploads\/2024\/05\/20240516Ariel2.jpg","width":1080,"height":608},{"@type":"BreadcrumbList","@id":"https:\/\/consolataafrica.org\/fr\/nouveau-conseil-en-cote-divoire\/#breadcrumb","itemListElement":[{"@type":"ListItem","position":1,"name":"Accueil","item":"https:\/\/consolataafrica.org\/fr\/"},{"@type":"ListItem","position":2,"name":"Nouveau Conseil en C\u00f4te d\u2019Ivoire"}]},{"@type":"WebSite","@id":"https:\/\/consolataafrica.org\/fr\/#website","url":"https:\/\/consolataafrica.org\/fr\/","name":"Consolata Africa","description":"Consolata Missionaries in the Continent of Africa","potentialAction":[{"@type":"SearchAction","target":{"@type":"EntryPoint","urlTemplate":"https:\/\/consolataafrica.org\/fr\/?s={search_term_string}"},"query-input":"required name=search_term_string"}],"inLanguage":"fr-FR"},{"@type":"Person","@id":"https:\/\/consolataafrica.org\/fr\/#\/schema\/person\/4a24ca8466fa182069d14eba7ca61e4a","name":"consaf@adm","sameAs":["https:\/\/consolataafrica.org\/fr"],"url":"https:\/\/consolataafrica.org\/fr\/author\/consafadm\/"}]}},"_links":{"self":[{"href":"https:\/\/consolataafrica.org\/fr\/wp-json\/wp\/v2\/posts\/257","targetHints":{"allow":["GET"]}}],"collection":[{"href":"https:\/\/consolataafrica.org\/fr\/wp-json\/wp\/v2\/posts"}],"about":[{"href":"https:\/\/consolataafrica.org\/fr\/wp-json\/wp\/v2\/types\/post"}],"author":[{"embeddable":true,"href":"https:\/\/consolataafrica.org\/fr\/wp-json\/wp\/v2\/users\/1"}],"replies":[{"embeddable":true,"href":"https:\/\/consolataafrica.org\/fr\/wp-json\/wp\/v2\/comments?post=257"}],"version-history":[{"count":3,"href":"https:\/\/consolataafrica.org\/fr\/wp-json\/wp\/v2\/posts\/257\/revisions"}],"predecessor-version":[{"id":265,"href":"https:\/\/consolataafrica.org\/fr\/wp-json\/wp\/v2\/posts\/257\/revisions\/265"}],"wp:featuredmedia":[{"embeddable":true,"href":"https:\/\/consolataafrica.org\/fr\/wp-json\/wp\/v2\/media\/258"}],"wp:attachment":[{"href":"https:\/\/consolataafrica.org\/fr\/wp-json\/wp\/v2\/media?parent=257"}],"wp:term":[{"taxonomy":"category","embeddable":true,"href":"https:\/\/consolataafrica.org\/fr\/wp-json\/wp\/v2\/categories?post=257"},{"taxonomy":"post_tag","embeddable":true,"href":"https:\/\/consolataafrica.org\/fr\/wp-json\/wp\/v2\/tags?post=257"}],"curies":[{"name":"wp","href":"https:\/\/api.w.org\/{rel}","templated":true}]}}