{"id":2464,"date":"2026-09-03T09:22:07","date_gmt":"2026-09-03T07:22:07","guid":{"rendered":"https:\/\/consolataafrica.org\/fr\/?p=2464"},"modified":"2026-09-03T09:22:32","modified_gmt":"2026-09-03T07:22:32","slug":"le-cours-g50-debute-a-rome-se-souvenir-pour-renouveler-la-mission","status":"publish","type":"post","link":"https:\/\/consolataafrica.org\/fr\/le-cours-g50-debute-a-rome-se-souvenir-pour-renouveler-la-mission\/","title":{"rendered":"Le cours G50 d\u00e9bute \u00e0 Rome : se souvenir pour renouveler la mission"},"content":{"rendered":"\n<figure class=\"wp-block-image size-large\"><img loading=\"lazy\" decoding=\"async\" width=\"1024\" height=\"576\" src=\"https:\/\/consolataafrica.org\/fr\/wp-content\/uploads\/2026\/09\/20260901G503-1024x576.jpg\" alt=\"\" class=\"wp-image-2466\" srcset=\"https:\/\/consolataafrica.org\/fr\/wp-content\/uploads\/2026\/09\/20260901G503-1024x576.jpg 1024w, https:\/\/consolataafrica.org\/fr\/wp-content\/uploads\/2026\/09\/20260901G503-300x169.jpg 300w, https:\/\/consolataafrica.org\/fr\/wp-content\/uploads\/2026\/09\/20260901G503-768x432.jpg 768w, https:\/\/consolataafrica.org\/fr\/wp-content\/uploads\/2026\/09\/20260901G503.jpg 1230w\" sizes=\"auto, (max-width: 1024px) 100vw, 1024px\" \/><figcaption class=\"wp-element-caption\"><em>Les participants au cours G50 \u00e0 la Maison g\u00e9n\u00e9rale de Rome. Photo : Jaime C. Patias<\/em><\/figcaption><\/figure>\n\n\n\n<blockquote class=\"wp-block-quote is-layout-flow wp-block-quote-is-layout-flow\">\n<p class=\"wp-block-paragraph\">Convoqu\u00e9 par la Direction g\u00e9n\u00e9rale, un groupe de onze Missionnaires de la Consolata s\u2019est r\u00e9uni \u00e0 la Maison G\u00e9n\u00e9ralice de Rome pour une nouvelle \u00e9dition du cours de formation permanente G50, qui se d\u00e9roule du 1er au 26 septembre 2026.<\/p>\n<\/blockquote>\n\n\n\n<p class=\"wp-block-paragraph\"><strong><em>Par Jaime C. Patias *<\/em><\/strong><\/p>\n\n\n\n<p class=\"wp-block-paragraph\">Venus de diff\u00e9rents pays et engag\u00e9s dans l\u2019annonce de l\u2019\u00c9vangile dans diverses r\u00e9gions d\u2019Afrique, d\u2019Asie, d\u2019Am\u00e9rique latine et d\u2019Europe, les participants portent avec eux non seulement le poids des ann\u00e9es \u2013 70, 75, 78 et 80 ans \u2013, mais surtout une riche exp\u00e9rience missionnaire, m\u00fbrie au cours de cinquante ann\u00e9es de sacerdoce ou de profession religieuse, comme l\u2019indique l\u2019acronyme G50.<\/p>\n\n\n\n<figure class=\"wp-block-image size-large\"><img loading=\"lazy\" decoding=\"async\" width=\"1024\" height=\"689\" src=\"https:\/\/consolataafrica.org\/fr\/wp-content\/uploads\/2026\/09\/20260901G502-1024x689.jpg\" alt=\"\" class=\"wp-image-2467\" srcset=\"https:\/\/consolataafrica.org\/fr\/wp-content\/uploads\/2026\/09\/20260901G502-1024x689.jpg 1024w, https:\/\/consolataafrica.org\/fr\/wp-content\/uploads\/2026\/09\/20260901G502-300x202.jpg 300w, https:\/\/consolataafrica.org\/fr\/wp-content\/uploads\/2026\/09\/20260901G502-768x517.jpg 768w, https:\/\/consolataafrica.org\/fr\/wp-content\/uploads\/2026\/09\/20260901G502.jpg 1230w\" sizes=\"auto, (max-width: 1024px) 100vw, 1024px\" \/><\/figure>\n\n\n\n<p class=\"wp-block-paragraph\">Le cours se pr\u00e9sente ainsi comme une occasion privil\u00e9gi\u00e9e de relire le long chemin parcouru, de partager les exp\u00e9riences accumul\u00e9es et de continuer \u00e0 vivre sa vocation avec davantage de conscience et un enthousiasme renouvel\u00e9.<\/p>\n\n\n\n<p class=\"wp-block-paragraph\">Comme le souligne le programme du cours lui-m\u00eame : \u00ab Dans de nombreuses cultures, la vieillesse est consid\u00e9r\u00e9e comme un temps de gr\u00e2ce, car elle porte en elle sagesse et honneur. D\u2019autre part, elle constitue une \u00e9tape de vie qui conduit progressivement \u00e0 un retrait de la vie active, \u00e0 un certain ralentissement et, en m\u00eame temps, \u00e0 l\u2019apparition de certaines difficult\u00e9s. C\u2019est donc une p\u00e9riode de la vie qui doit \u00eatre v\u00e9cue avec intensit\u00e9 et de mani\u00e8re active, comme l\u2019une des \u00e9tapes de la formation permanente. \u00bb<\/p>\n\n\n\n<figure class=\"wp-block-image size-large\"><img loading=\"lazy\" decoding=\"async\" width=\"1024\" height=\"548\" src=\"https:\/\/consolataafrica.org\/fr\/wp-content\/uploads\/2026\/09\/20260901G50-1024x548.jpg\" alt=\"\" class=\"wp-image-2468\" srcset=\"https:\/\/consolataafrica.org\/fr\/wp-content\/uploads\/2026\/09\/20260901G50-1024x548.jpg 1024w, https:\/\/consolataafrica.org\/fr\/wp-content\/uploads\/2026\/09\/20260901G50-300x160.jpg 300w, https:\/\/consolataafrica.org\/fr\/wp-content\/uploads\/2026\/09\/20260901G50-768x411.jpg 768w, https:\/\/consolataafrica.org\/fr\/wp-content\/uploads\/2026\/09\/20260901G50.jpg 1230w\" sizes=\"auto, (max-width: 1024px) 100vw, 1024px\" \/><\/figure>\n\n\n\n<p class=\"wp-block-paragraph\">L\u2019initiative est organis\u00e9e par le Bureau g\u00e9n\u00e9ral de la Formation et coordonn\u00e9e par le Conseiller g\u00e9n\u00e9ral, le p\u00e8re Mathews Odhiambo Owuor, en collaboration avec le p\u00e8re Antonio Rovelli. Chaque semaine est consacr\u00e9e \u00e0 un th\u00e8me sp\u00e9cifique : la Parole de Dieu et la Vie consacr\u00e9e, les diff\u00e9rentes saisons de la vie, la mission aujourd\u2019hui, ainsi qu\u2019un dialogue d\u2019information avec la Direction g\u00e9n\u00e9rale.<\/p>\n\n\n\n<p class=\"wp-block-paragraph\">La m\u00e9thodologie pr\u00e9voit des conf\u00e9rences pr\u00e9sent\u00e9es par des experts, des temps de r\u00e9flexion personnelle, des partages en groupes, une retraite spirituelle, la m\u00e9ditation, la pri\u00e8re et la c\u00e9l\u00e9bration.<\/p>\n\n\n\n<p class=\"wp-block-paragraph\">Le groupe visitera \u00e9galement plusieurs lieux historiques de Rome, d\u2019Assise et de Tivoli, ainsi que nos communaut\u00e9s de formation. Il se rendra aussi dans les lieux de m\u00e9moire de Turin et de Castelnuovo Don Bosco, dans le cadre du Centenaire de la naissance au ciel du Fondateur, saint Joseph Allamano.<\/p>\n\n\n\n<figure class=\"wp-block-image size-large\"><img loading=\"lazy\" decoding=\"async\" width=\"1024\" height=\"483\" src=\"https:\/\/consolataafrica.org\/fr\/wp-content\/uploads\/2026\/09\/20260901G501-1024x483.jpg\" alt=\"\" class=\"wp-image-2469\" srcset=\"https:\/\/consolataafrica.org\/fr\/wp-content\/uploads\/2026\/09\/20260901G501-1024x483.jpg 1024w, https:\/\/consolataafrica.org\/fr\/wp-content\/uploads\/2026\/09\/20260901G501-300x141.jpg 300w, https:\/\/consolataafrica.org\/fr\/wp-content\/uploads\/2026\/09\/20260901G501-768x362.jpg 768w, https:\/\/consolataafrica.org\/fr\/wp-content\/uploads\/2026\/09\/20260901G501.jpg 1230w\" sizes=\"auto, (max-width: 1024px) 100vw, 1024px\" \/><figcaption class=\"wp-element-caption\">Messe d&rsquo;ouverture du cours dans la chapelle de la Maison g\u00e9n\u00e9rale<\/figcaption><\/figure>\n\n\n\n<p class=\"has-medium-font-size wp-block-paragraph\"><strong>La formation, une activit\u00e9 de tr\u00e8s haute importance<\/strong><\/p>\n\n\n\n<p class=\"wp-block-paragraph\">La Messe d\u2019ouverture, c\u00e9l\u00e9br\u00e9e ce mardi 1er septembre, Journ\u00e9e mondiale de pri\u00e8re pour la sauvegarde de la Cr\u00e9ation, a \u00e9t\u00e9 pr\u00e9sid\u00e9e par le p\u00e8re Mathews Odhiambo.<\/p>\n\n\n\n<p class=\"wp-block-paragraph\">Dans son hom\u00e9lie, le responsable de la Formation a rappel\u00e9 que \u00ab l\u2019Institut consid\u00e8re la formation de ses candidats et de ses membres comme une activit\u00e9 de tr\u00e8s haute importance. C\u2019est un parcours indispensable qui conduit \u00e0 la maturit\u00e9 et \u00e0 la pl\u00e9nitude vocationnelle dans la cons\u00e9cration comme Missionnaires de la Consolata ; mais : \u201cd\u2019abord saints, ensuite missionnaires !\u201d Dans cette dynamique, saint Joseph Allamano soulignait que le missionnaire doit accomplir ses t\u00e2ches avec s\u00e9rieux, tout en prenant soin de sa sant\u00e9 physique et spirituelle \u00bb, a-t-il expliqu\u00e9.<\/p>\n\n\n\n<figure class=\"wp-block-image size-large\"><img loading=\"lazy\" decoding=\"async\" width=\"1024\" height=\"629\" src=\"https:\/\/consolataafrica.org\/fr\/wp-content\/uploads\/2026\/09\/20260901G5015-1024x629.jpg\" alt=\"\" class=\"wp-image-2470\" srcset=\"https:\/\/consolataafrica.org\/fr\/wp-content\/uploads\/2026\/09\/20260901G5015-1024x629.jpg 1024w, https:\/\/consolataafrica.org\/fr\/wp-content\/uploads\/2026\/09\/20260901G5015-300x184.jpg 300w, https:\/\/consolataafrica.org\/fr\/wp-content\/uploads\/2026\/09\/20260901G5015-768x472.jpg 768w, https:\/\/consolataafrica.org\/fr\/wp-content\/uploads\/2026\/09\/20260901G5015.jpg 1230w\" sizes=\"auto, (max-width: 1024px) 100vw, 1024px\" \/><figcaption class=\"wp-element-caption\">Le p\u00e8re Mathews Odhiambo et le p\u00e8re Antonio Rovelli<\/figcaption><\/figure>\n\n\n\n<p class=\"wp-block-paragraph\">Le p\u00e8re Mathews a ensuite mis en \u00e9vidence l\u2019importance de la \u00ab th\u00e9ologie de la pause \u00bb selon le Fondateur.<\/p>\n\n\n\n<p class=\"wp-block-paragraph\">\u00ab La pause est consid\u00e9r\u00e9e comme un moyen de mieux servir Dieu et non comme une fuite devant les responsabilit\u00e9s. En r\u00e9sum\u00e9, pour saint Allamano, la mission exige un \u00e9quilibre dynamique : le missionnaire doit travailler avec engagement, mais il sait aussi s\u2019arr\u00eater pour reposer son corps et nourrir son esprit. \u00bb<\/p>\n\n\n\n<p class=\"wp-block-paragraph\">Pour un missionnaire, \u00ab s\u2019arr\u00eater aujourd\u2019hui, apr\u00e8s cinquante ann\u00e9es de fid\u00e9lit\u00e9, signifie honorer le corps et l\u2019esprit. C\u2019est dans le silence de la pause que la Consolation, spiritualit\u00e9 fondatrice de l\u2019Institut, cesse d\u2019\u00eatre seulement une annonce faite aux autres et devient une exp\u00e9rience v\u00e9cue personnellement. Un missionnaire repos\u00e9 est un missionnaire qui rayonne la paix, parce qu\u2019il a appris que sa valeur ne d\u00e9pend pas de ce qu\u2019il produit, mais de ce qu\u2019il est devant Dieu \u00bb, a rappel\u00e9 le p\u00e8re Mathews.<\/p>\n\n\n\n<figure class=\"wp-block-image size-large\"><img loading=\"lazy\" decoding=\"async\" width=\"1024\" height=\"526\" src=\"https:\/\/consolataafrica.org\/fr\/wp-content\/uploads\/2026\/09\/20260901G5016-1024x526.jpg\" alt=\"\" class=\"wp-image-2471\" srcset=\"https:\/\/consolataafrica.org\/fr\/wp-content\/uploads\/2026\/09\/20260901G5016-1024x526.jpg 1024w, https:\/\/consolataafrica.org\/fr\/wp-content\/uploads\/2026\/09\/20260901G5016-300x154.jpg 300w, https:\/\/consolataafrica.org\/fr\/wp-content\/uploads\/2026\/09\/20260901G5016-768x395.jpg 768w, https:\/\/consolataafrica.org\/fr\/wp-content\/uploads\/2026\/09\/20260901G5016.jpg 1230w\" sizes=\"auto, (max-width: 1024px) 100vw, 1024px\" \/><\/figure>\n\n\n\n<p class=\"has-medium-font-size wp-block-paragraph\"><strong>La pause dans le contexte de l\u2019Ann\u00e9e de la Vie communautaire<\/strong><\/p>\n\n\n\n<p class=\"wp-block-paragraph\">\u00ab Cette ann\u00e9e, l\u2019Institut met particuli\u00e8rement l\u2019accent sur la vie communautaire, anim\u00e9e par le slogan : \u201cUne seule famille pour une m\u00eame mission\u201d \u00bb, a expliqu\u00e9 le p\u00e8re Mathews.<\/p>\n\n\n\n<p class=\"wp-block-paragraph\">\u00ab Cela apporte une dimension pr\u00e9cieuse \u00e0 la \u201cpause\u201d, comprise comme un temps pour \u201cse retrouver\u201d. Le rythme souvent effr\u00e9n\u00e9 de la mission peut nous transformer en solistes de l\u2019\u00e9vang\u00e9lisation ; la pause communautaire, au contraire, nous permet de red\u00e9couvrir le visage du fr\u00e8re, de partager la m\u00e9moire du chemin parcouru et de nous soutenir mutuellement dans la fragilit\u00e9 li\u00e9e \u00e0 l\u2019avanc\u00e9e en \u00e2ge. \u00bb<\/p>\n\n\n\n<figure class=\"wp-block-image size-large\"><img loading=\"lazy\" decoding=\"async\" width=\"1024\" height=\"490\" src=\"https:\/\/consolataafrica.org\/fr\/wp-content\/uploads\/2026\/09\/20260901G5018-1024x490.jpg\" alt=\"\" class=\"wp-image-2472\" srcset=\"https:\/\/consolataafrica.org\/fr\/wp-content\/uploads\/2026\/09\/20260901G5018-1024x490.jpg 1024w, https:\/\/consolataafrica.org\/fr\/wp-content\/uploads\/2026\/09\/20260901G5018-300x143.jpg 300w, https:\/\/consolataafrica.org\/fr\/wp-content\/uploads\/2026\/09\/20260901G5018-768x367.jpg 768w, https:\/\/consolataafrica.org\/fr\/wp-content\/uploads\/2026\/09\/20260901G5018.jpg 1230w\" sizes=\"auto, (max-width: 1024px) 100vw, 1024px\" \/><\/figure>\n\n\n\n<p class=\"wp-block-paragraph\">En cette Ann\u00e9e de la Vie communautaire, \u00ab votre pause devient une exp\u00e9rience partag\u00e9e pour raviver la flamme de la cons\u00e9cration. Il ne s\u2019agit pas d\u2019un temps de nostalgie, mais d\u2019une red\u00e9couverte de la beaut\u00e9 de la vieillesse : une saison de la vie o\u00f9 la sagesse devient le don le plus pr\u00e9cieux pour les confr\u00e8res plus jeunes et pour l\u2019\u00c9glise tout enti\u00e8re \u00bb, a soulign\u00e9 le p\u00e8re Mathews.<\/p>\n\n\n\n<p class=\"wp-block-paragraph\">Il a souhait\u00e9 aux confr\u00e8res a\u00een\u00e9s \u00ab que cette pause jubilaire soit un temps de profond renouvellement physique et psycho-spirituel, afin de continuer \u00e0 \u00eatre, dans le repos comme dans le service, d\u2019authentiques canaux de Consolation \u00bb.<\/p>\n\n\n\n<p class=\"has-medium-font-size wp-block-paragraph\"><strong>C\u00e9r\u00e9monie d\u2019ouverture<\/strong><\/p>\n\n\n\n<p class=\"wp-block-paragraph\">Pour la c\u00e9r\u00e9monie d\u2019ouverture, le groupe G50 s\u2019est r\u00e9uni dans la cour de la Maison G\u00e9n\u00e9ralice, devant un petit autel sur lequel avaient \u00e9t\u00e9 d\u00e9pos\u00e9s la Parole de Dieu, un tableau de la Consolata et la relique de saint Joseph Allamano.<\/p>\n\n\n\n<figure class=\"wp-block-image size-large\"><img loading=\"lazy\" decoding=\"async\" width=\"1024\" height=\"594\" src=\"https:\/\/consolataafrica.org\/fr\/wp-content\/uploads\/2026\/09\/20260901G5013-1024x594.jpg\" alt=\"\" class=\"wp-image-2473\" srcset=\"https:\/\/consolataafrica.org\/fr\/wp-content\/uploads\/2026\/09\/20260901G5013-1024x594.jpg 1024w, https:\/\/consolataafrica.org\/fr\/wp-content\/uploads\/2026\/09\/20260901G5013-300x174.jpg 300w, https:\/\/consolataafrica.org\/fr\/wp-content\/uploads\/2026\/09\/20260901G5013-768x446.jpg 768w, https:\/\/consolataafrica.org\/fr\/wp-content\/uploads\/2026\/09\/20260901G5013.jpg 1230w\" sizes=\"auto, (max-width: 1024px) 100vw, 1024px\" \/><\/figure>\n\n\n\n<p class=\"wp-block-paragraph\">Apr\u00e8s un temps de pri\u00e8re, les missionnaires se sont mis en marche en procession vers l\u2019Auditorium, lieu des rencontres et des sessions de formation. La procession, accompagn\u00e9e de la relique du Fondateur et d\u2019un panneau pr\u00e9sentant les photographies des participants, la Parole de Dieu et le tableau de la Consolata, s\u2019est d\u00e9roul\u00e9e dans un climat de pri\u00e8re et de chants.<\/p>\n\n\n\n<p class=\"wp-block-paragraph\">La c\u00e9l\u00e9bration s\u2019est poursuivie par un acte p\u00e9nitentiel, accompagn\u00e9 du signe de la croix, de l\u2019aspersion avec l\u2019eau b\u00e9nite et de l\u2019invocation de l\u2019Esprit Saint.<\/p>\n\n\n\n<p class=\"wp-block-paragraph\">Un autre moment significatif a \u00e9t\u00e9 l\u2019allumage, par chacun des missionnaires, d\u2019une bougie \u00e0 partir du Cierge du Centenaire, signe de la lumi\u00e8re re\u00e7ue et transmise tout au long du chemin de la vocation missionnaire.<\/p>\n\n\n\n<figure class=\"wp-block-image size-large\"><img loading=\"lazy\" decoding=\"async\" width=\"1024\" height=\"516\" src=\"https:\/\/consolataafrica.org\/fr\/wp-content\/uploads\/2026\/09\/20260901G506-1024x516.jpg\" alt=\"\" class=\"wp-image-2474\" srcset=\"https:\/\/consolataafrica.org\/fr\/wp-content\/uploads\/2026\/09\/20260901G506-1024x516.jpg 1024w, https:\/\/consolataafrica.org\/fr\/wp-content\/uploads\/2026\/09\/20260901G506-300x151.jpg 300w, https:\/\/consolataafrica.org\/fr\/wp-content\/uploads\/2026\/09\/20260901G506-768x387.jpg 768w, https:\/\/consolataafrica.org\/fr\/wp-content\/uploads\/2026\/09\/20260901G506.jpg 1230w\" sizes=\"auto, (max-width: 1024px) 100vw, 1024px\" \/><\/figure>\n\n\n\n<p class=\"wp-block-paragraph\">Ensuite, chaque missionnaire a eu l\u2019occasion de se pr\u00e9senter. Ce moment a donn\u00e9 naissance \u00e0 un premier partage d\u2019histoires de vie et de mission, marqu\u00e9es par des r\u00e9ussites et des joies, mais aussi par des fatigues et des d\u00e9fis, comme cela est propre \u00e0 l\u2019exp\u00e9rience du disciple du Christ dans la mission <em>ad gentes<\/em>.<\/p>\n\n\n\n<p class=\"wp-block-paragraph\">Le sup\u00e9rieur et l\u2019\u00e9conome de la Maison, le p\u00e8re Osvaldo Coppola et le p\u00e8re Gabriele Casadei, ont souhait\u00e9 la bienvenue aux confr\u00e8res, leur pr\u00e9sentant la r\u00e9alit\u00e9 et la dynamique de la communaut\u00e9 de la Maison G\u00e9n\u00e9ralice.<\/p>\n\n\n\n<figure class=\"wp-block-image size-large\"><img loading=\"lazy\" decoding=\"async\" width=\"1024\" height=\"526\" src=\"https:\/\/consolataafrica.org\/fr\/wp-content\/uploads\/2026\/09\/20260901G5011-1024x526.jpg\" alt=\"\" class=\"wp-image-2475\" srcset=\"https:\/\/consolataafrica.org\/fr\/wp-content\/uploads\/2026\/09\/20260901G5011-1024x526.jpg 1024w, https:\/\/consolataafrica.org\/fr\/wp-content\/uploads\/2026\/09\/20260901G5011-300x154.jpg 300w, https:\/\/consolataafrica.org\/fr\/wp-content\/uploads\/2026\/09\/20260901G5011-768x395.jpg 768w, https:\/\/consolataafrica.org\/fr\/wp-content\/uploads\/2026\/09\/20260901G5011.jpg 1230w\" sizes=\"auto, (max-width: 1024px) 100vw, 1024px\" \/><\/figure>\n\n\n\n<p class=\"wp-block-paragraph\">Dans l\u2019apr\u00e8s-midi, le p\u00e8re Mathews a pr\u00e9sent\u00e9 le cours en s\u2019appuyant notamment sur les r\u00e9ponses des participants au questionnaire qui leur avait \u00e9t\u00e9 envoy\u00e9 auparavant.<\/p>\n\n\n\n<p class=\"wp-block-paragraph\">Le p\u00e8re Antonio Rovelli a ensuite pr\u00e9sent\u00e9 en d\u00e9tail le programme, en illustrant les diff\u00e9rentes \u00e9tapes et les activit\u00e9s pr\u00e9vues pour ce mois de formation.<\/p>\n\n\n\n<p class=\"wp-block-paragraph\">Dans ce climat de fraternit\u00e9 et d\u2019\u00e9coute, les missionnaires se sont pr\u00e9par\u00e9s \u00e0 aborder le premier th\u00e8me du parcours : \u00ab La Parole comme guide dans la vie consacr\u00e9e \u00bb, au c\u0153ur de la journ\u00e9e de retraite qui devait \u00eatre anim\u00e9e par le p\u00e8re Stefano Bittasi le lendemain, mercredi 2 septembre.<\/p>\n\n\n\n<figure class=\"wp-block-image size-large\"><img loading=\"lazy\" decoding=\"async\" width=\"1024\" height=\"563\" src=\"https:\/\/consolataafrica.org\/fr\/wp-content\/uploads\/2026\/09\/20260901G509-1024x563.jpg\" alt=\"\" class=\"wp-image-2476\" srcset=\"https:\/\/consolataafrica.org\/fr\/wp-content\/uploads\/2026\/09\/20260901G509-1024x563.jpg 1024w, https:\/\/consolataafrica.org\/fr\/wp-content\/uploads\/2026\/09\/20260901G509-300x165.jpg 300w, https:\/\/consolataafrica.org\/fr\/wp-content\/uploads\/2026\/09\/20260901G509-768x422.jpg 768w, https:\/\/consolataafrica.org\/fr\/wp-content\/uploads\/2026\/09\/20260901G509.jpg 1230w\" sizes=\"auto, (max-width: 1024px) 100vw, 1024px\" \/><\/figure>\n\n\n\n<p class=\"wp-block-paragraph\">Dans les prochains jours, le groupe G50 partagera certains aspects de la richesse de l\u2019exp\u00e9rience v\u00e9cue au cours de ce mois consacr\u00e9 \u00e0 la pause, \u00e0 la formation, au partage et au renouvellement.<\/p>\n\n\n\n<p class=\"fonte wp-block-paragraph\">* <em>P\u00e8re Jaime C. Patias, IMC, Bureau de la Communication.<\/em><\/p>\n","protected":false},"excerpt":{"rendered":"<p>Convoqu\u00e9 par la Direction g\u00e9n\u00e9rale, un groupe de onze Missionnaires de la Consolata s\u2019est r\u00e9uni \u00e0 la Maison G\u00e9n\u00e9ralice de Rome pour une nouvelle \u00e9dition du cours de formation permanente G50, qui se d\u00e9roule du 1er au 26 septembre 2026.<\/p>\n","protected":false},"author":1,"featured_media":2466,"comment_status":"closed","ping_status":"closed","sticky":false,"template":"","format":"standard","meta":{"footnotes":""},"categories":[3,69,67,68,71],"tags":[235,104,233],"class_list":["post-2464","post","type-post","status-publish","format-standard","has-post-thumbnail","hentry","category-a-la-une","category-formation","category-mission","category-spiritualite","category-vocation","tag-consolata-missionaries","tag-formation-continue","tag-g50"],"yoast_head":"<!-- This site is optimized with the Yoast SEO plugin v28.2 - https:\/\/yoast.com\/product\/yoast-seo-wordpress\/ -->\n<title>Le cours G50 d\u00e9bute \u00e0 Rome : se souvenir pour renouveler la mission - Consolata Africa<\/title>\n<meta name=\"robots\" content=\"index, follow, max-snippet:-1, max-image-preview:large, max-video-preview:-1\" \/>\n<link rel=\"canonical\" href=\"https:\/\/consolataafrica.org\/fr\/le-cours-g50-debute-a-rome-se-souvenir-pour-renouveler-la-mission\/\" \/>\n<meta property=\"og:locale\" content=\"fr_FR\" \/>\n<meta property=\"og:type\" content=\"article\" \/>\n<meta property=\"og:title\" content=\"Le cours G50 d\u00e9bute \u00e0 Rome : se souvenir pour renouveler la mission - Consolata Africa\" \/>\n<meta property=\"og:description\" content=\"Convoqu\u00e9 par la Direction g\u00e9n\u00e9rale, un groupe de onze Missionnaires de la Consolata s\u2019est r\u00e9uni \u00e0 la Maison G\u00e9n\u00e9ralice de Rome pour une nouvelle \u00e9dition du cours de formation permanente G50, qui se d\u00e9roule du 1er au 26 septembre 2026.\" \/>\n<meta property=\"og:url\" content=\"https:\/\/consolataafrica.org\/fr\/le-cours-g50-debute-a-rome-se-souvenir-pour-renouveler-la-mission\/\" \/>\n<meta property=\"og:site_name\" content=\"Consolata Africa\" \/>\n<meta property=\"article:published_time\" content=\"2026-09-03T07:22:07+00:00\" \/>\n<meta property=\"article:modified_time\" content=\"2026-09-03T07:22:32+00:00\" \/>\n<meta property=\"og:image\" content=\"https:\/\/consolataafrica.org\/fr\/wp-content\/uploads\/2026\/09\/20260901G503.jpg\" \/>\n\t<meta property=\"og:image:width\" content=\"1230\" \/>\n\t<meta property=\"og:image:height\" content=\"692\" \/>\n\t<meta property=\"og:image:type\" content=\"image\/jpeg\" \/>\n<meta name=\"author\" content=\"consaf@adm\" \/>\n<meta name=\"twitter:card\" content=\"summary_large_image\" \/>\n<meta name=\"twitter:label1\" content=\"\u00c9crit par\" \/>\n\t<meta name=\"twitter:data1\" content=\"consaf@adm\" \/>\n\t<meta name=\"twitter:label2\" content=\"Dur\u00e9e de lecture estim\u00e9e\" \/>\n\t<meta name=\"twitter:data2\" content=\"9 minutes\" \/>\n<script type=\"application\/ld+json\" class=\"yoast-schema-graph\">{\"@context\":\"https:\\\/\\\/schema.org\",\"@graph\":[{\"@type\":\"Article\",\"@id\":\"https:\\\/\\\/consolataafrica.org\\\/fr\\\/le-cours-g50-debute-a-rome-se-souvenir-pour-renouveler-la-mission\\\/#article\",\"isPartOf\":{\"@id\":\"https:\\\/\\\/consolataafrica.org\\\/fr\\\/le-cours-g50-debute-a-rome-se-souvenir-pour-renouveler-la-mission\\\/\"},\"author\":{\"name\":\"consaf@adm\",\"@id\":\"https:\\\/\\\/consolataafrica.org\\\/fr\\\/#\\\/schema\\\/person\\\/4a24ca8466fa182069d14eba7ca61e4a\"},\"headline\":\"Le cours G50 d\u00e9bute \u00e0 Rome : se souvenir pour renouveler la mission\",\"datePublished\":\"2026-09-03T07:22:07+00:00\",\"dateModified\":\"2026-09-03T07:22:32+00:00\",\"mainEntityOfPage\":{\"@id\":\"https:\\\/\\\/consolataafrica.org\\\/fr\\\/le-cours-g50-debute-a-rome-se-souvenir-pour-renouveler-la-mission\\\/\"},\"wordCount\":1481,\"image\":{\"@id\":\"https:\\\/\\\/consolataafrica.org\\\/fr\\\/le-cours-g50-debute-a-rome-se-souvenir-pour-renouveler-la-mission\\\/#primaryimage\"},\"thumbnailUrl\":\"https:\\\/\\\/consolataafrica.org\\\/fr\\\/wp-content\\\/uploads\\\/2026\\\/09\\\/20260901G503.jpg\",\"keywords\":[\"Consolata missionaries\",\"formation continue\",\"G50\"],\"articleSection\":[\"\u00c0 la une\",\"Formation\",\"Mission\",\"Spiritualit\u00e9\",\"Vocation\"],\"inLanguage\":\"fr-FR\"},{\"@type\":\"WebPage\",\"@id\":\"https:\\\/\\\/consolataafrica.org\\\/fr\\\/le-cours-g50-debute-a-rome-se-souvenir-pour-renouveler-la-mission\\\/\",\"url\":\"https:\\\/\\\/consolataafrica.org\\\/fr\\\/le-cours-g50-debute-a-rome-se-souvenir-pour-renouveler-la-mission\\\/\",\"name\":\"Le cours G50 d\u00e9bute \u00e0 Rome : se souvenir pour renouveler la mission - Consolata Africa\",\"isPartOf\":{\"@id\":\"https:\\\/\\\/consolataafrica.org\\\/fr\\\/#website\"},\"primaryImageOfPage\":{\"@id\":\"https:\\\/\\\/consolataafrica.org\\\/fr\\\/le-cours-g50-debute-a-rome-se-souvenir-pour-renouveler-la-mission\\\/#primaryimage\"},\"image\":{\"@id\":\"https:\\\/\\\/consolataafrica.org\\\/fr\\\/le-cours-g50-debute-a-rome-se-souvenir-pour-renouveler-la-mission\\\/#primaryimage\"},\"thumbnailUrl\":\"https:\\\/\\\/consolataafrica.org\\\/fr\\\/wp-content\\\/uploads\\\/2026\\\/09\\\/20260901G503.jpg\",\"datePublished\":\"2026-09-03T07:22:07+00:00\",\"dateModified\":\"2026-09-03T07:22:32+00:00\",\"author\":{\"@id\":\"https:\\\/\\\/consolataafrica.org\\\/fr\\\/#\\\/schema\\\/person\\\/4a24ca8466fa182069d14eba7ca61e4a\"},\"breadcrumb\":{\"@id\":\"https:\\\/\\\/consolataafrica.org\\\/fr\\\/le-cours-g50-debute-a-rome-se-souvenir-pour-renouveler-la-mission\\\/#breadcrumb\"},\"inLanguage\":\"fr-FR\",\"potentialAction\":[{\"@type\":\"ReadAction\",\"target\":[\"https:\\\/\\\/consolataafrica.org\\\/fr\\\/le-cours-g50-debute-a-rome-se-souvenir-pour-renouveler-la-mission\\\/\"]}]},{\"@type\":\"ImageObject\",\"inLanguage\":\"fr-FR\",\"@id\":\"https:\\\/\\\/consolataafrica.org\\\/fr\\\/le-cours-g50-debute-a-rome-se-souvenir-pour-renouveler-la-mission\\\/#primaryimage\",\"url\":\"https:\\\/\\\/consolataafrica.org\\\/fr\\\/wp-content\\\/uploads\\\/2026\\\/09\\\/20260901G503.jpg\",\"contentUrl\":\"https:\\\/\\\/consolataafrica.org\\\/fr\\\/wp-content\\\/uploads\\\/2026\\\/09\\\/20260901G503.jpg\",\"width\":1230,\"height\":692},{\"@type\":\"BreadcrumbList\",\"@id\":\"https:\\\/\\\/consolataafrica.org\\\/fr\\\/le-cours-g50-debute-a-rome-se-souvenir-pour-renouveler-la-mission\\\/#breadcrumb\",\"itemListElement\":[{\"@type\":\"ListItem\",\"position\":1,\"name\":\"Accueil\",\"item\":\"https:\\\/\\\/consolataafrica.org\\\/fr\\\/\"},{\"@type\":\"ListItem\",\"position\":2,\"name\":\"Le cours G50 d\u00e9bute \u00e0 Rome : se souvenir pour renouveler la mission\"}]},{\"@type\":\"WebSite\",\"@id\":\"https:\\\/\\\/consolataafrica.org\\\/fr\\\/#website\",\"url\":\"https:\\\/\\\/consolataafrica.org\\\/fr\\\/\",\"name\":\"Consolata Africa\",\"description\":\"Consolata Missionaries in the Continent of Africa\",\"potentialAction\":[{\"@type\":\"SearchAction\",\"target\":{\"@type\":\"EntryPoint\",\"urlTemplate\":\"https:\\\/\\\/consolataafrica.org\\\/fr\\\/?s={search_term_string}\"},\"query-input\":{\"@type\":\"PropertyValueSpecification\",\"valueRequired\":true,\"valueName\":\"search_term_string\"}}],\"inLanguage\":\"fr-FR\"},{\"@type\":\"Person\",\"@id\":\"https:\\\/\\\/consolataafrica.org\\\/fr\\\/#\\\/schema\\\/person\\\/4a24ca8466fa182069d14eba7ca61e4a\",\"name\":\"consaf@adm\",\"sameAs\":[\"https:\\\/\\\/consolataafrica.org\\\/fr\"],\"url\":\"https:\\\/\\\/consolataafrica.org\\\/fr\\\/author\\\/consafadm\\\/\"}]}<\/script>\n<!-- \/ Yoast SEO plugin. -->","yoast_head_json":{"title":"Le cours G50 d\u00e9bute \u00e0 Rome : se souvenir pour renouveler la mission - Consolata Africa","robots":{"index":"index","follow":"follow","max-snippet":"max-snippet:-1","max-image-preview":"max-image-preview:large","max-video-preview":"max-video-preview:-1"},"canonical":"https:\/\/consolataafrica.org\/fr\/le-cours-g50-debute-a-rome-se-souvenir-pour-renouveler-la-mission\/","og_locale":"fr_FR","og_type":"article","og_title":"Le cours G50 d\u00e9bute \u00e0 Rome : se souvenir pour renouveler la mission - Consolata Africa","og_description":"Convoqu\u00e9 par la Direction g\u00e9n\u00e9rale, un groupe de onze Missionnaires de la Consolata s\u2019est r\u00e9uni \u00e0 la Maison G\u00e9n\u00e9ralice de Rome pour une nouvelle \u00e9dition du cours de formation permanente G50, qui se d\u00e9roule du 1er au 26 septembre 2026.","og_url":"https:\/\/consolataafrica.org\/fr\/le-cours-g50-debute-a-rome-se-souvenir-pour-renouveler-la-mission\/","og_site_name":"Consolata Africa","article_published_time":"2026-09-03T07:22:07+00:00","article_modified_time":"2026-09-03T07:22:32+00:00","og_image":[{"width":1230,"height":692,"url":"https:\/\/consolataafrica.org\/fr\/wp-content\/uploads\/2026\/09\/20260901G503.jpg","type":"image\/jpeg"}],"author":"consaf@adm","twitter_card":"summary_large_image","twitter_misc":{"\u00c9crit par":"consaf@adm","Dur\u00e9e de lecture estim\u00e9e":"9 minutes"},"schema":{"@context":"https:\/\/schema.org","@graph":[{"@type":"Article","@id":"https:\/\/consolataafrica.org\/fr\/le-cours-g50-debute-a-rome-se-souvenir-pour-renouveler-la-mission\/#article","isPartOf":{"@id":"https:\/\/consolataafrica.org\/fr\/le-cours-g50-debute-a-rome-se-souvenir-pour-renouveler-la-mission\/"},"author":{"name":"consaf@adm","@id":"https:\/\/consolataafrica.org\/fr\/#\/schema\/person\/4a24ca8466fa182069d14eba7ca61e4a"},"headline":"Le cours G50 d\u00e9bute \u00e0 Rome : se souvenir pour renouveler la mission","datePublished":"2026-09-03T07:22:07+00:00","dateModified":"2026-09-03T07:22:32+00:00","mainEntityOfPage":{"@id":"https:\/\/consolataafrica.org\/fr\/le-cours-g50-debute-a-rome-se-souvenir-pour-renouveler-la-mission\/"},"wordCount":1481,"image":{"@id":"https:\/\/consolataafrica.org\/fr\/le-cours-g50-debute-a-rome-se-souvenir-pour-renouveler-la-mission\/#primaryimage"},"thumbnailUrl":"https:\/\/consolataafrica.org\/fr\/wp-content\/uploads\/2026\/09\/20260901G503.jpg","keywords":["Consolata missionaries","formation continue","G50"],"articleSection":["\u00c0 la une","Formation","Mission","Spiritualit\u00e9","Vocation"],"inLanguage":"fr-FR"},{"@type":"WebPage","@id":"https:\/\/consolataafrica.org\/fr\/le-cours-g50-debute-a-rome-se-souvenir-pour-renouveler-la-mission\/","url":"https:\/\/consolataafrica.org\/fr\/le-cours-g50-debute-a-rome-se-souvenir-pour-renouveler-la-mission\/","name":"Le cours G50 d\u00e9bute \u00e0 Rome : se souvenir pour renouveler la mission - Consolata Africa","isPartOf":{"@id":"https:\/\/consolataafrica.org\/fr\/#website"},"primaryImageOfPage":{"@id":"https:\/\/consolataafrica.org\/fr\/le-cours-g50-debute-a-rome-se-souvenir-pour-renouveler-la-mission\/#primaryimage"},"image":{"@id":"https:\/\/consolataafrica.org\/fr\/le-cours-g50-debute-a-rome-se-souvenir-pour-renouveler-la-mission\/#primaryimage"},"thumbnailUrl":"https:\/\/consolataafrica.org\/fr\/wp-content\/uploads\/2026\/09\/20260901G503.jpg","datePublished":"2026-09-03T07:22:07+00:00","dateModified":"2026-09-03T07:22:32+00:00","author":{"@id":"https:\/\/consolataafrica.org\/fr\/#\/schema\/person\/4a24ca8466fa182069d14eba7ca61e4a"},"breadcrumb":{"@id":"https:\/\/consolataafrica.org\/fr\/le-cours-g50-debute-a-rome-se-souvenir-pour-renouveler-la-mission\/#breadcrumb"},"inLanguage":"fr-FR","potentialAction":[{"@type":"ReadAction","target":["https:\/\/consolataafrica.org\/fr\/le-cours-g50-debute-a-rome-se-souvenir-pour-renouveler-la-mission\/"]}]},{"@type":"ImageObject","inLanguage":"fr-FR","@id":"https:\/\/consolataafrica.org\/fr\/le-cours-g50-debute-a-rome-se-souvenir-pour-renouveler-la-mission\/#primaryimage","url":"https:\/\/consolataafrica.org\/fr\/wp-content\/uploads\/2026\/09\/20260901G503.jpg","contentUrl":"https:\/\/consolataafrica.org\/fr\/wp-content\/uploads\/2026\/09\/20260901G503.jpg","width":1230,"height":692},{"@type":"BreadcrumbList","@id":"https:\/\/consolataafrica.org\/fr\/le-cours-g50-debute-a-rome-se-souvenir-pour-renouveler-la-mission\/#breadcrumb","itemListElement":[{"@type":"ListItem","position":1,"name":"Accueil","item":"https:\/\/consolataafrica.org\/fr\/"},{"@type":"ListItem","position":2,"name":"Le cours G50 d\u00e9bute \u00e0 Rome : se souvenir pour renouveler la mission"}]},{"@type":"WebSite","@id":"https:\/\/consolataafrica.org\/fr\/#website","url":"https:\/\/consolataafrica.org\/fr\/","name":"Consolata Africa","description":"Consolata Missionaries in the Continent of Africa","potentialAction":[{"@type":"SearchAction","target":{"@type":"EntryPoint","urlTemplate":"https:\/\/consolataafrica.org\/fr\/?s={search_term_string}"},"query-input":{"@type":"PropertyValueSpecification","valueRequired":true,"valueName":"search_term_string"}}],"inLanguage":"fr-FR"},{"@type":"Person","@id":"https:\/\/consolataafrica.org\/fr\/#\/schema\/person\/4a24ca8466fa182069d14eba7ca61e4a","name":"consaf@adm","sameAs":["https:\/\/consolataafrica.org\/fr"],"url":"https:\/\/consolataafrica.org\/fr\/author\/consafadm\/"}]}},"_links":{"self":[{"href":"https:\/\/consolataafrica.org\/fr\/wp-json\/wp\/v2\/posts\/2464","targetHints":{"allow":["GET"]}}],"collection":[{"href":"https:\/\/consolataafrica.org\/fr\/wp-json\/wp\/v2\/posts"}],"about":[{"href":"https:\/\/consolataafrica.org\/fr\/wp-json\/wp\/v2\/types\/post"}],"author":[{"embeddable":true,"href":"https:\/\/consolataafrica.org\/fr\/wp-json\/wp\/v2\/users\/1"}],"replies":[{"embeddable":true,"href":"https:\/\/consolataafrica.org\/fr\/wp-json\/wp\/v2\/comments?post=2464"}],"version-history":[{"count":1,"href":"https:\/\/consolataafrica.org\/fr\/wp-json\/wp\/v2\/posts\/2464\/revisions"}],"predecessor-version":[{"id":2477,"href":"https:\/\/consolataafrica.org\/fr\/wp-json\/wp\/v2\/posts\/2464\/revisions\/2477"}],"wp:featuredmedia":[{"embeddable":true,"href":"https:\/\/consolataafrica.org\/fr\/wp-json\/wp\/v2\/media\/2466"}],"wp:attachment":[{"href":"https:\/\/consolataafrica.org\/fr\/wp-json\/wp\/v2\/media?parent=2464"}],"wp:term":[{"taxonomy":"category","embeddable":true,"href":"https:\/\/consolataafrica.org\/fr\/wp-json\/wp\/v2\/categories?post=2464"},{"taxonomy":"post_tag","embeddable":true,"href":"https:\/\/consolataafrica.org\/fr\/wp-json\/wp\/v2\/tags?post=2464"}],"curies":[{"name":"wp","href":"https:\/\/api.w.org\/{rel}","templated":true}]}}