{"id":2453,"date":"2026-09-02T22:44:12","date_gmt":"2026-09-02T20:44:12","guid":{"rendered":"https:\/\/consolataafrica.org\/fr\/?p=2453"},"modified":"2026-09-02T22:45:57","modified_gmt":"2026-09-02T20:45:57","slug":"pere-clovis-audet-un-missionnaire-de-coeur","status":"publish","type":"post","link":"https:\/\/consolataafrica.org\/fr\/pere-clovis-audet-un-missionnaire-de-coeur\/","title":{"rendered":"P\u00e8re Clovis Audet, un missionnaire de c\u0153ur"},"content":{"rendered":"\n<figure class=\"wp-block-image size-large\"><img loading=\"lazy\" decoding=\"async\" width=\"1024\" height=\"576\" src=\"https:\/\/consolataafrica.org\/fr\/wp-content\/uploads\/2026\/09\/20260831Clovis8-1024x576.jpg\" alt=\"\" class=\"wp-image-2454\" srcset=\"https:\/\/consolataafrica.org\/fr\/wp-content\/uploads\/2026\/09\/20260831Clovis8-1024x576.jpg 1024w, https:\/\/consolataafrica.org\/fr\/wp-content\/uploads\/2026\/09\/20260831Clovis8-300x169.jpg 300w, https:\/\/consolataafrica.org\/fr\/wp-content\/uploads\/2026\/09\/20260831Clovis8-768x432.jpg 768w, https:\/\/consolataafrica.org\/fr\/wp-content\/uploads\/2026\/09\/20260831Clovis8.jpg 1230w\" sizes=\"auto, (max-width: 1024px) 100vw, 1024px\" \/><figcaption class=\"wp-element-caption\"><em>P\u00e8re Clovis Audet, IMC (1935 &#8211; 2026)<\/em><\/figcaption><\/figure>\n\n\n\n<blockquote class=\"wp-block-quote is-layout-flow wp-block-quote-is-layout-flow\">\n<p class=\"wp-block-paragraph\">N\u00e9 \u00e0 Maria, en Gasp\u00e9sie (Canada), le 24 janvier 1935, le p\u00e8re Clovis Audet, missionnaire de la Consolata, est d\u00e9c\u00e9d\u00e9 \u00e0 Montr\u00e9al le 27 ao\u00fbt 2026. Les fun\u00e9railles auront lieu le jeudi 3 septembre \u00e0 14 h, dans la chapelle situ\u00e9e au deuxi\u00e8me \u00e9tage de la Maison des S\u0153urs de la Providence, au 5655, rue de Salaberry, \u00e0 Montr\u00e9al.<\/p>\n<\/blockquote>\n\n\n\n<p class=\"wp-block-paragraph\"><strong><em>Par la R\u00e9daction *<\/em><\/strong><\/p>\n\n\n\n<p class=\"wp-block-paragraph\">Clovis \u00e9tait le dernier-n\u00e9 d\u2019une famille de 14 enfants. Sa vie de missionnaire, le p. Clovis nous l\u2019a racont\u00e9e dans un livre publi\u00e9 en 2022, intitul\u00e9 : <em>Qui m\u2019a appel\u00e9<\/em>, et traduit en espagnol l\u2019ann\u00e9e suivante.<\/p>\n\n\n\n<figure class=\"wp-block-image size-large\"><img loading=\"lazy\" decoding=\"async\" width=\"1024\" height=\"768\" src=\"https:\/\/consolataafrica.org\/fr\/wp-content\/uploads\/2026\/09\/20260831Clovis3-1024x768.jpg\" alt=\"\" class=\"wp-image-2455\" srcset=\"https:\/\/consolataafrica.org\/fr\/wp-content\/uploads\/2026\/09\/20260831Clovis3-1024x768.jpg 1024w, https:\/\/consolataafrica.org\/fr\/wp-content\/uploads\/2026\/09\/20260831Clovis3-300x225.jpg 300w, https:\/\/consolataafrica.org\/fr\/wp-content\/uploads\/2026\/09\/20260831Clovis3-768x576.jpg 768w, https:\/\/consolataafrica.org\/fr\/wp-content\/uploads\/2026\/09\/20260831Clovis3.jpg 1123w\" sizes=\"auto, (max-width: 1024px) 100vw, 1024px\" \/><figcaption class=\"wp-element-caption\"><em>Clovis, enfant, et sa s\u0153ur Rita sur les terres familiales \u00e0 Maria, son village natal<\/em><\/figcaption><\/figure>\n\n\n\n<p class=\"wp-block-paragraph\">Ordonn\u00e9 pr\u00eatre \u00e0 Turin (Italie) le 30 mars 1963, il a \u00e9t\u00e9 missionnaire en Colombie (Am\u00e9rique du Sud), dans la R\u00e9publique d\u00e9mocratique du Congo et en C\u00f4te d&rsquo;Ivoire (Afrique), puis au Mexique, \u0153uvrant dans les orphelinats, les s\u00e9minaires et les paroisses avec les indig\u00e8nes.<\/p>\n\n\n\n<p class=\"wp-block-paragraph\">Il a cumul\u00e9 les t\u00e2ches d\u2019animateur \u2013 notamment au Qu\u00e9bec \u2013 de formateur, d\u2019administrateur, de commissionnaire. Homme aussi pratique qu\u2019intellectuel, il fut un soutien pr\u00e9cieux pour tous ses confr\u00e8res.<\/p>\n\n\n\n<figure class=\"wp-block-image size-large\"><img loading=\"lazy\" decoding=\"async\" width=\"1024\" height=\"563\" src=\"https:\/\/consolataafrica.org\/fr\/wp-content\/uploads\/2026\/09\/20260831Clovis7-1024x563.jpg\" alt=\"\" class=\"wp-image-2456\" srcset=\"https:\/\/consolataafrica.org\/fr\/wp-content\/uploads\/2026\/09\/20260831Clovis7-1024x563.jpg 1024w, https:\/\/consolataafrica.org\/fr\/wp-content\/uploads\/2026\/09\/20260831Clovis7-300x165.jpg 300w, https:\/\/consolataafrica.org\/fr\/wp-content\/uploads\/2026\/09\/20260831Clovis7-768x422.jpg 768w, https:\/\/consolataafrica.org\/fr\/wp-content\/uploads\/2026\/09\/20260831Clovis7.jpg 1230w\" sizes=\"auto, (max-width: 1024px) 100vw, 1024px\" \/><figcaption class=\"wp-element-caption\"><em>Le p\u00e8re Claude Morneau, p\u00e8re Paolo Fedrigoni, p\u00e8re Jean Par\u00e9 et le p\u00e8re Clovis. Communaut\u00e9 IMC de Montr\u00e9al. Photo : IMC Canada<\/em><\/figcaption><\/figure>\n\n\n\n<p class=\"wp-block-paragraph\">Son humilit\u00e9 fut exemplaire. Pendant de nombreuses ann\u00e9es, il s\u2019est assis \u00e0 sa machine \u00e0 \u00e9crire pour traduire de l\u2019italien au fran\u00e7ais les Conf\u00e9rences du fondateur, saint Joseph Allamano. Et il s\u2019est impr\u00e9gn\u00e9 de cet esprit de saintet\u00e9.<\/p>\n\n\n\n<p class=\"wp-block-paragraph\">Nous gardons du p\u00e8re Clovis le souvenir d\u2019un missionnaire de c\u0153ur, humble, qui tenait en haute estime la vie en communaut\u00e9, valorisant la fraternit\u00e9, l\u2019amiti\u00e9 et les liens avec sa famille. Il \u00e9tait un conseiller pr\u00e9cieux pour celles et ceux qui le consultaient. Anim\u00e9 par une foi profonde, d\u00e8s sa petite enfance&nbsp;: une foi simple, nourrie par la pri\u00e8re fid\u00e8le.<\/p>\n\n\n\n<p class=\"wp-block-paragraph\">Homme d\u2019\u00e9coute plus que de parole, il \u00e9tait un homme de foi profonde, transmise au sein de sa famille. Une foi simple nourrie par la pri\u00e8re fid\u00e8le : eucharistie, liturgie des heures, chapelet, retraite annuelle. Un pr\u00eatre convaincu de la grandeur de sa vocation, au sein de l\u2019\u00c9glise. Un missionnaire pr\u00eat \u00e0 tous les sacrifices pour annoncer la Parole de Dieu, partout dans le monde.<\/p>\n\n\n\n<figure class=\"wp-block-image size-large\"><img loading=\"lazy\" decoding=\"async\" width=\"1024\" height=\"637\" src=\"https:\/\/consolataafrica.org\/fr\/wp-content\/uploads\/2026\/09\/20260831Clovis6-1024x637.jpg\" alt=\"\" class=\"wp-image-2457\" srcset=\"https:\/\/consolataafrica.org\/fr\/wp-content\/uploads\/2026\/09\/20260831Clovis6-1024x637.jpg 1024w, https:\/\/consolataafrica.org\/fr\/wp-content\/uploads\/2026\/09\/20260831Clovis6-300x187.jpg 300w, https:\/\/consolataafrica.org\/fr\/wp-content\/uploads\/2026\/09\/20260831Clovis6-768x478.jpg 768w, https:\/\/consolataafrica.org\/fr\/wp-content\/uploads\/2026\/09\/20260831Clovis6.jpg 1120w\" sizes=\"auto, (max-width: 1024px) 100vw, 1024px\" \/><figcaption class=\"wp-element-caption\"><em>\u00c0 Puerto Leguizamo (Colombie, fin des ann\u00e9es 80) avec d&rsquo;autres missionnaires de la Consolata et des membres de la pastorale. Le p\u00e8re Clovis est assis \u00e0 gauche, derri\u00e8re la religieuse. Photo : archives familiales et IMC Qu\u00e9bec<\/em><\/figcaption><\/figure>\n\n\n\n<p class=\"wp-block-paragraph\">Pendant ses derni\u00e8res semaines, le P\u00e8re Clovis a m\u00e9dit\u00e9 ces paroles de saint Pier Giorgio Frassati : \u00ab Le jour de ma mort sera le plus beau de toute ma vie\u2026 \u00bb.<\/p>\n\n\n\n<p class=\"wp-block-paragraph\">Que la vierge Marie, Notre Dame de la Consolata, notre m\u00e8re du ciel, lui ouvre les portes du Paradis\u202f!<\/p>\n\n\n\n<p class=\"fonte wp-block-paragraph\"><em>La communaut\u00e9 IMC de Montr\u00e9al<\/em><\/p>\n\n\n\n<p class=\"has-text-align-center wp-block-paragraph\"><strong>P\u00e8re<\/strong> <strong><\/strong><strong>Clovis<\/strong> <strong><\/strong><strong>Audet<\/strong> <strong><\/strong><strong>:<\/strong> <strong><\/strong><strong>mod\u00e8le<\/strong> <strong><\/strong><strong>de<\/strong> <strong><\/strong><strong>simplicit\u00e9<\/strong> <strong><\/strong><strong>et<\/strong> <strong><\/strong><strong>de<\/strong> <strong><\/strong><strong>g\u00e9n\u00e9rosit\u00e9<\/strong> <strong><\/strong><strong>discr\u00e8te<\/strong><strong><\/strong><\/p>\n\n\n\n<p class=\"wp-block-paragraph\">J\u2019ai rencontr\u00e9 le P\u00e8re Clovis quand j\u2019\u00e9tais s\u00e9minariste de premi\u00e8re ann\u00e9e de philosophie en 2001 \u00e0 Kinshasa. Il venait d\u2019arriver et il cherchait \u00e0 comprendre le milieu et bien apprendre le lingala. Pour ce, rapidement, il a tiss\u00e9 des bonnes relations avec plusieurs s\u00e9minaristes. M\u00eame apr\u00e8s son d\u00e9part du Congo, il est rest\u00e9 toujours proche de nous \u00e0 travers des messages r\u00e9guliers d\u2019encouragement et de soutien spirituel.<\/p>\n\n\n\n<figure class=\"wp-block-image size-large\"><img loading=\"lazy\" decoding=\"async\" width=\"1024\" height=\"576\" src=\"https:\/\/consolataafrica.org\/fr\/wp-content\/uploads\/2026\/09\/20260831Clovis5-1024x576.jpg\" alt=\"\" class=\"wp-image-2458\" srcset=\"https:\/\/consolataafrica.org\/fr\/wp-content\/uploads\/2026\/09\/20260831Clovis5-1024x576.jpg 1024w, https:\/\/consolataafrica.org\/fr\/wp-content\/uploads\/2026\/09\/20260831Clovis5-300x169.jpg 300w, https:\/\/consolataafrica.org\/fr\/wp-content\/uploads\/2026\/09\/20260831Clovis5-768x432.jpg 768w, https:\/\/consolataafrica.org\/fr\/wp-content\/uploads\/2026\/09\/20260831Clovis5.jpg 1230w\" sizes=\"auto, (max-width: 1024px) 100vw, 1024px\" \/><figcaption class=\"wp-element-caption\"><em>Le p\u00e8re Clovis et le p\u00e8re Michael Mutinda. Photo : Jaime C. Patias<\/em><\/figcaption><\/figure>\n\n\n\n<p class=\"wp-block-paragraph\">Ce qui frappait chez lui, c\u2019\u00e9tait d\u2019abord sa simplicit\u00e9. Dans une soci\u00e9t\u00e9 qui court apr\u00e8s le para\u00eetre et la performance, P\u00e8re Clovis vivait sobrement, sans recherche de confort ou de reconnaissance. Il \u00e9tait un exemple vivant de ce que signifie \u00eatre missionnaire : non pas quelqu\u2019un d&rsquo;extraordinaire, mais un fr\u00e8re humble et disponible, dont l\u2019existence quotidienne, faite de pri\u00e8re et de pr\u00e9sence, \u00e9difiait ceux qui l\u2019approchaient.<\/p>\n\n\n\n<figure class=\"wp-block-image size-large\"><img loading=\"lazy\" decoding=\"async\" width=\"1024\" height=\"522\" src=\"https:\/\/consolataafrica.org\/fr\/wp-content\/uploads\/2026\/09\/20260831Clovis4-1024x522.jpg\" alt=\"\" class=\"wp-image-2459\" srcset=\"https:\/\/consolataafrica.org\/fr\/wp-content\/uploads\/2026\/09\/20260831Clovis4-1024x522.jpg 1024w, https:\/\/consolataafrica.org\/fr\/wp-content\/uploads\/2026\/09\/20260831Clovis4-300x153.jpg 300w, https:\/\/consolataafrica.org\/fr\/wp-content\/uploads\/2026\/09\/20260831Clovis4-768x392.jpg 768w, https:\/\/consolataafrica.org\/fr\/wp-content\/uploads\/2026\/09\/20260831Clovis4.jpg 1277w\" sizes=\"auto, (max-width: 1024px) 100vw, 1024px\" \/><figcaption class=\"wp-element-caption\"><em>Le p\u00e8re Clovis Audet f\u00eate ses 90 ans \u00e0 Guadalajara. Photo : IMC Mexique<\/em><\/figcaption><\/figure>\n\n\n\n<p class=\"wp-block-paragraph\">Mais cette simplicit\u00e9 \u00e9tait le terreau d\u2019une autre vertu, plus discr\u00e8te encore : une g\u00e9n\u00e9rosit\u00e9 profonde et discr\u00e8te. Il incarnait simplement cette parole de notre Saint Fondateur : \u00ab le bien, il faut le faire, mais sans bruit \u00bb. Il a traduit en fran\u00e7ais beaucoup des documents de notre Institut pour les pays francophones et il a aid\u00e9 dans la discr\u00e9tion totale plusieurs personnes ici au Congo. Mais il a tout fait sans publicit\u00e9, ni bruit autour de ses actes.<\/p>\n\n\n\n<p class=\"wp-block-paragraph\">On raconte qu&rsquo;il \u00e9tait toujours le premier \u00e0 s\u2019enqu\u00e9rir de l\u2019absence d\u2019un autre missionnaire, manifestant une attention discr\u00e8te mais constante envers chacun. Son souci des autres ne s\u2019affichait pas ; il se vivait dans le quotidien, dans le simple fait de prendre soin, sans chercher \u00e0 se faire voir.<\/p>\n\n\n\n<figure class=\"wp-block-image size-large\"><img loading=\"lazy\" decoding=\"async\" width=\"1024\" height=\"768\" src=\"https:\/\/consolataafrica.org\/fr\/wp-content\/uploads\/2026\/09\/20260831Clovis1-1024x768.jpg\" alt=\"\" class=\"wp-image-2460\" srcset=\"https:\/\/consolataafrica.org\/fr\/wp-content\/uploads\/2026\/09\/20260831Clovis1-1024x768.jpg 1024w, https:\/\/consolataafrica.org\/fr\/wp-content\/uploads\/2026\/09\/20260831Clovis1-300x225.jpg 300w, https:\/\/consolataafrica.org\/fr\/wp-content\/uploads\/2026\/09\/20260831Clovis1-768x576.jpg 768w, https:\/\/consolataafrica.org\/fr\/wp-content\/uploads\/2026\/09\/20260831Clovis1.jpg 1123w\" sizes=\"auto, (max-width: 1024px) 100vw, 1024px\" \/><figcaption class=\"wp-element-caption\"><em>Padre Clovis in compagnia di un amico dei missionari della Consolata: Jacques Pelletier<\/em><\/figcaption><\/figure>\n\n\n\n<p class=\"wp-block-paragraph\">Malgr\u00e9 son \u00e2ge et sa difficult\u00e9 de parler, il offrait le meilleur de lui-m\u00eame, en silence, comme une semence confi\u00e9e \u00e0 la terre.<\/p>\n\n\n\n<p class=\"wp-block-paragraph\">Le P\u00e8re Clovis Audet nous laisse un h\u00e9ritage pr\u00e9cieux : celui d\u2019une vie donn\u00e9e sans bruit, mais avec une constance et une fid\u00e9lit\u00e9 qui, elles, parlent haut. Puissent sa simplicit\u00e9 et sa g\u00e9n\u00e9rosit\u00e9 discr\u00e8te continuer \u00e0 inspirer nos vies.<\/p>\n\n\n\n<p class=\"fonte wp-block-paragraph\"><em>* P\u00e8re Toussaint Twite Mukota, IMC, missionnaire \u00e0 Kinshasa, R\u00e9publique D\u00e9mocratique du Congo.<\/em><\/p>\n","protected":false},"excerpt":{"rendered":"<p>N\u00e9 \u00e0 Maria, en Gasp\u00e9sie (Canada), le 24 janvier 1935, le p\u00e8re Clovis Audet, missionnaire de la Consolata, est d\u00e9c\u00e9d\u00e9 \u00e0 Montr\u00e9al le 27 ao\u00fbt 2026. Les fun\u00e9railles auront lieu le jeudi 3 septembre \u00e0 14 h, dans la chapelle situ\u00e9e au deuxi\u00e8me \u00e9tage de la Maison des S\u0153urs de la Providence, au 5655, rue de Salaberry, \u00e0 Montr\u00e9al.<\/p>\n","protected":false},"author":1,"featured_media":2454,"comment_status":"closed","ping_status":"closed","sticky":false,"template":"","format":"standard","meta":{"footnotes":""},"categories":[3,5,67,71],"tags":[248,235,247],"class_list":["post-2453","post","type-post","status-publish","format-standard","has-post-thumbnail","hentry","category-a-la-une","category-articles","category-mission","category-vocation","tag-canada","tag-consolata-missionaries","tag-pere-clovis-audet"],"yoast_head":"<!-- This site is optimized with the Yoast SEO plugin v28.2 - https:\/\/yoast.com\/product\/yoast-seo-wordpress\/ -->\n<title>P\u00e8re Clovis Audet, un missionnaire de c\u0153ur - Consolata Africa<\/title>\n<meta name=\"robots\" content=\"index, follow, max-snippet:-1, max-image-preview:large, max-video-preview:-1\" \/>\n<link rel=\"canonical\" href=\"https:\/\/consolataafrica.org\/fr\/pere-clovis-audet-un-missionnaire-de-coeur\/\" \/>\n<meta property=\"og:locale\" content=\"fr_FR\" \/>\n<meta property=\"og:type\" content=\"article\" \/>\n<meta property=\"og:title\" content=\"P\u00e8re Clovis Audet, un missionnaire de c\u0153ur - Consolata Africa\" \/>\n<meta property=\"og:description\" content=\"N\u00e9 \u00e0 Maria, en Gasp\u00e9sie (Canada), le 24 janvier 1935, le p\u00e8re Clovis Audet, missionnaire de la Consolata, est d\u00e9c\u00e9d\u00e9 \u00e0 Montr\u00e9al le 27 ao\u00fbt 2026. Les fun\u00e9railles auront lieu le jeudi 3 septembre \u00e0 14 h, dans la chapelle situ\u00e9e au deuxi\u00e8me \u00e9tage de la Maison des S\u0153urs de la Providence, au 5655, rue de Salaberry, \u00e0 Montr\u00e9al.\" \/>\n<meta property=\"og:url\" content=\"https:\/\/consolataafrica.org\/fr\/pere-clovis-audet-un-missionnaire-de-coeur\/\" \/>\n<meta property=\"og:site_name\" content=\"Consolata Africa\" \/>\n<meta property=\"article:published_time\" content=\"2026-09-02T20:44:12+00:00\" \/>\n<meta property=\"article:modified_time\" content=\"2026-09-02T20:45:57+00:00\" \/>\n<meta property=\"og:image\" content=\"https:\/\/consolataafrica.org\/fr\/wp-content\/uploads\/2026\/09\/20260831Clovis8.jpg\" \/>\n\t<meta property=\"og:image:width\" content=\"1230\" \/>\n\t<meta property=\"og:image:height\" content=\"692\" \/>\n\t<meta property=\"og:image:type\" content=\"image\/jpeg\" \/>\n<meta name=\"author\" content=\"consaf@adm\" \/>\n<meta name=\"twitter:card\" content=\"summary_large_image\" \/>\n<meta name=\"twitter:label1\" content=\"\u00c9crit par\" \/>\n\t<meta name=\"twitter:data1\" content=\"consaf@adm\" \/>\n\t<meta name=\"twitter:label2\" content=\"Dur\u00e9e de lecture estim\u00e9e\" \/>\n\t<meta name=\"twitter:data2\" content=\"6 minutes\" \/>\n<script type=\"application\/ld+json\" class=\"yoast-schema-graph\">{\"@context\":\"https:\\\/\\\/schema.org\",\"@graph\":[{\"@type\":\"Article\",\"@id\":\"https:\\\/\\\/consolataafrica.org\\\/fr\\\/pere-clovis-audet-un-missionnaire-de-coeur\\\/#article\",\"isPartOf\":{\"@id\":\"https:\\\/\\\/consolataafrica.org\\\/fr\\\/pere-clovis-audet-un-missionnaire-de-coeur\\\/\"},\"author\":{\"name\":\"consaf@adm\",\"@id\":\"https:\\\/\\\/consolataafrica.org\\\/fr\\\/#\\\/schema\\\/person\\\/4a24ca8466fa182069d14eba7ca61e4a\"},\"headline\":\"P\u00e8re Clovis Audet, un missionnaire de c\u0153ur\",\"datePublished\":\"2026-09-02T20:44:12+00:00\",\"dateModified\":\"2026-09-02T20:45:57+00:00\",\"mainEntityOfPage\":{\"@id\":\"https:\\\/\\\/consolataafrica.org\\\/fr\\\/pere-clovis-audet-un-missionnaire-de-coeur\\\/\"},\"wordCount\":947,\"image\":{\"@id\":\"https:\\\/\\\/consolataafrica.org\\\/fr\\\/pere-clovis-audet-un-missionnaire-de-coeur\\\/#primaryimage\"},\"thumbnailUrl\":\"https:\\\/\\\/consolataafrica.org\\\/fr\\\/wp-content\\\/uploads\\\/2026\\\/09\\\/20260831Clovis8.jpg\",\"keywords\":[\"Canada\",\"Consolata missionaries\",\"P\u00e8re Clovis Audet\"],\"articleSection\":[\"\u00c0 la une\",\"Articles\",\"Mission\",\"Vocation\"],\"inLanguage\":\"fr-FR\"},{\"@type\":\"WebPage\",\"@id\":\"https:\\\/\\\/consolataafrica.org\\\/fr\\\/pere-clovis-audet-un-missionnaire-de-coeur\\\/\",\"url\":\"https:\\\/\\\/consolataafrica.org\\\/fr\\\/pere-clovis-audet-un-missionnaire-de-coeur\\\/\",\"name\":\"P\u00e8re Clovis Audet, un missionnaire de c\u0153ur - Consolata Africa\",\"isPartOf\":{\"@id\":\"https:\\\/\\\/consolataafrica.org\\\/fr\\\/#website\"},\"primaryImageOfPage\":{\"@id\":\"https:\\\/\\\/consolataafrica.org\\\/fr\\\/pere-clovis-audet-un-missionnaire-de-coeur\\\/#primaryimage\"},\"image\":{\"@id\":\"https:\\\/\\\/consolataafrica.org\\\/fr\\\/pere-clovis-audet-un-missionnaire-de-coeur\\\/#primaryimage\"},\"thumbnailUrl\":\"https:\\\/\\\/consolataafrica.org\\\/fr\\\/wp-content\\\/uploads\\\/2026\\\/09\\\/20260831Clovis8.jpg\",\"datePublished\":\"2026-09-02T20:44:12+00:00\",\"dateModified\":\"2026-09-02T20:45:57+00:00\",\"author\":{\"@id\":\"https:\\\/\\\/consolataafrica.org\\\/fr\\\/#\\\/schema\\\/person\\\/4a24ca8466fa182069d14eba7ca61e4a\"},\"breadcrumb\":{\"@id\":\"https:\\\/\\\/consolataafrica.org\\\/fr\\\/pere-clovis-audet-un-missionnaire-de-coeur\\\/#breadcrumb\"},\"inLanguage\":\"fr-FR\",\"potentialAction\":[{\"@type\":\"ReadAction\",\"target\":[\"https:\\\/\\\/consolataafrica.org\\\/fr\\\/pere-clovis-audet-un-missionnaire-de-coeur\\\/\"]}]},{\"@type\":\"ImageObject\",\"inLanguage\":\"fr-FR\",\"@id\":\"https:\\\/\\\/consolataafrica.org\\\/fr\\\/pere-clovis-audet-un-missionnaire-de-coeur\\\/#primaryimage\",\"url\":\"https:\\\/\\\/consolataafrica.org\\\/fr\\\/wp-content\\\/uploads\\\/2026\\\/09\\\/20260831Clovis8.jpg\",\"contentUrl\":\"https:\\\/\\\/consolataafrica.org\\\/fr\\\/wp-content\\\/uploads\\\/2026\\\/09\\\/20260831Clovis8.jpg\",\"width\":1230,\"height\":692},{\"@type\":\"BreadcrumbList\",\"@id\":\"https:\\\/\\\/consolataafrica.org\\\/fr\\\/pere-clovis-audet-un-missionnaire-de-coeur\\\/#breadcrumb\",\"itemListElement\":[{\"@type\":\"ListItem\",\"position\":1,\"name\":\"Accueil\",\"item\":\"https:\\\/\\\/consolataafrica.org\\\/fr\\\/\"},{\"@type\":\"ListItem\",\"position\":2,\"name\":\"P\u00e8re Clovis Audet, un missionnaire de c\u0153ur\"}]},{\"@type\":\"WebSite\",\"@id\":\"https:\\\/\\\/consolataafrica.org\\\/fr\\\/#website\",\"url\":\"https:\\\/\\\/consolataafrica.org\\\/fr\\\/\",\"name\":\"Consolata Africa\",\"description\":\"Consolata Missionaries in the Continent of Africa\",\"potentialAction\":[{\"@type\":\"SearchAction\",\"target\":{\"@type\":\"EntryPoint\",\"urlTemplate\":\"https:\\\/\\\/consolataafrica.org\\\/fr\\\/?s={search_term_string}\"},\"query-input\":{\"@type\":\"PropertyValueSpecification\",\"valueRequired\":true,\"valueName\":\"search_term_string\"}}],\"inLanguage\":\"fr-FR\"},{\"@type\":\"Person\",\"@id\":\"https:\\\/\\\/consolataafrica.org\\\/fr\\\/#\\\/schema\\\/person\\\/4a24ca8466fa182069d14eba7ca61e4a\",\"name\":\"consaf@adm\",\"sameAs\":[\"https:\\\/\\\/consolataafrica.org\\\/fr\"],\"url\":\"https:\\\/\\\/consolataafrica.org\\\/fr\\\/author\\\/consafadm\\\/\"}]}<\/script>\n<!-- \/ Yoast SEO plugin. -->","yoast_head_json":{"title":"P\u00e8re Clovis Audet, un missionnaire de c\u0153ur - Consolata Africa","robots":{"index":"index","follow":"follow","max-snippet":"max-snippet:-1","max-image-preview":"max-image-preview:large","max-video-preview":"max-video-preview:-1"},"canonical":"https:\/\/consolataafrica.org\/fr\/pere-clovis-audet-un-missionnaire-de-coeur\/","og_locale":"fr_FR","og_type":"article","og_title":"P\u00e8re Clovis Audet, un missionnaire de c\u0153ur - Consolata Africa","og_description":"N\u00e9 \u00e0 Maria, en Gasp\u00e9sie (Canada), le 24 janvier 1935, le p\u00e8re Clovis Audet, missionnaire de la Consolata, est d\u00e9c\u00e9d\u00e9 \u00e0 Montr\u00e9al le 27 ao\u00fbt 2026. Les fun\u00e9railles auront lieu le jeudi 3 septembre \u00e0 14 h, dans la chapelle situ\u00e9e au deuxi\u00e8me \u00e9tage de la Maison des S\u0153urs de la Providence, au 5655, rue de Salaberry, \u00e0 Montr\u00e9al.","og_url":"https:\/\/consolataafrica.org\/fr\/pere-clovis-audet-un-missionnaire-de-coeur\/","og_site_name":"Consolata Africa","article_published_time":"2026-09-02T20:44:12+00:00","article_modified_time":"2026-09-02T20:45:57+00:00","og_image":[{"width":1230,"height":692,"url":"https:\/\/consolataafrica.org\/fr\/wp-content\/uploads\/2026\/09\/20260831Clovis8.jpg","type":"image\/jpeg"}],"author":"consaf@adm","twitter_card":"summary_large_image","twitter_misc":{"\u00c9crit par":"consaf@adm","Dur\u00e9e de lecture estim\u00e9e":"6 minutes"},"schema":{"@context":"https:\/\/schema.org","@graph":[{"@type":"Article","@id":"https:\/\/consolataafrica.org\/fr\/pere-clovis-audet-un-missionnaire-de-coeur\/#article","isPartOf":{"@id":"https:\/\/consolataafrica.org\/fr\/pere-clovis-audet-un-missionnaire-de-coeur\/"},"author":{"name":"consaf@adm","@id":"https:\/\/consolataafrica.org\/fr\/#\/schema\/person\/4a24ca8466fa182069d14eba7ca61e4a"},"headline":"P\u00e8re Clovis Audet, un missionnaire de c\u0153ur","datePublished":"2026-09-02T20:44:12+00:00","dateModified":"2026-09-02T20:45:57+00:00","mainEntityOfPage":{"@id":"https:\/\/consolataafrica.org\/fr\/pere-clovis-audet-un-missionnaire-de-coeur\/"},"wordCount":947,"image":{"@id":"https:\/\/consolataafrica.org\/fr\/pere-clovis-audet-un-missionnaire-de-coeur\/#primaryimage"},"thumbnailUrl":"https:\/\/consolataafrica.org\/fr\/wp-content\/uploads\/2026\/09\/20260831Clovis8.jpg","keywords":["Canada","Consolata missionaries","P\u00e8re Clovis Audet"],"articleSection":["\u00c0 la une","Articles","Mission","Vocation"],"inLanguage":"fr-FR"},{"@type":"WebPage","@id":"https:\/\/consolataafrica.org\/fr\/pere-clovis-audet-un-missionnaire-de-coeur\/","url":"https:\/\/consolataafrica.org\/fr\/pere-clovis-audet-un-missionnaire-de-coeur\/","name":"P\u00e8re Clovis Audet, un missionnaire de c\u0153ur - Consolata Africa","isPartOf":{"@id":"https:\/\/consolataafrica.org\/fr\/#website"},"primaryImageOfPage":{"@id":"https:\/\/consolataafrica.org\/fr\/pere-clovis-audet-un-missionnaire-de-coeur\/#primaryimage"},"image":{"@id":"https:\/\/consolataafrica.org\/fr\/pere-clovis-audet-un-missionnaire-de-coeur\/#primaryimage"},"thumbnailUrl":"https:\/\/consolataafrica.org\/fr\/wp-content\/uploads\/2026\/09\/20260831Clovis8.jpg","datePublished":"2026-09-02T20:44:12+00:00","dateModified":"2026-09-02T20:45:57+00:00","author":{"@id":"https:\/\/consolataafrica.org\/fr\/#\/schema\/person\/4a24ca8466fa182069d14eba7ca61e4a"},"breadcrumb":{"@id":"https:\/\/consolataafrica.org\/fr\/pere-clovis-audet-un-missionnaire-de-coeur\/#breadcrumb"},"inLanguage":"fr-FR","potentialAction":[{"@type":"ReadAction","target":["https:\/\/consolataafrica.org\/fr\/pere-clovis-audet-un-missionnaire-de-coeur\/"]}]},{"@type":"ImageObject","inLanguage":"fr-FR","@id":"https:\/\/consolataafrica.org\/fr\/pere-clovis-audet-un-missionnaire-de-coeur\/#primaryimage","url":"https:\/\/consolataafrica.org\/fr\/wp-content\/uploads\/2026\/09\/20260831Clovis8.jpg","contentUrl":"https:\/\/consolataafrica.org\/fr\/wp-content\/uploads\/2026\/09\/20260831Clovis8.jpg","width":1230,"height":692},{"@type":"BreadcrumbList","@id":"https:\/\/consolataafrica.org\/fr\/pere-clovis-audet-un-missionnaire-de-coeur\/#breadcrumb","itemListElement":[{"@type":"ListItem","position":1,"name":"Accueil","item":"https:\/\/consolataafrica.org\/fr\/"},{"@type":"ListItem","position":2,"name":"P\u00e8re Clovis Audet, un missionnaire de c\u0153ur"}]},{"@type":"WebSite","@id":"https:\/\/consolataafrica.org\/fr\/#website","url":"https:\/\/consolataafrica.org\/fr\/","name":"Consolata Africa","description":"Consolata Missionaries in the Continent of Africa","potentialAction":[{"@type":"SearchAction","target":{"@type":"EntryPoint","urlTemplate":"https:\/\/consolataafrica.org\/fr\/?s={search_term_string}"},"query-input":{"@type":"PropertyValueSpecification","valueRequired":true,"valueName":"search_term_string"}}],"inLanguage":"fr-FR"},{"@type":"Person","@id":"https:\/\/consolataafrica.org\/fr\/#\/schema\/person\/4a24ca8466fa182069d14eba7ca61e4a","name":"consaf@adm","sameAs":["https:\/\/consolataafrica.org\/fr"],"url":"https:\/\/consolataafrica.org\/fr\/author\/consafadm\/"}]}},"_links":{"self":[{"href":"https:\/\/consolataafrica.org\/fr\/wp-json\/wp\/v2\/posts\/2453","targetHints":{"allow":["GET"]}}],"collection":[{"href":"https:\/\/consolataafrica.org\/fr\/wp-json\/wp\/v2\/posts"}],"about":[{"href":"https:\/\/consolataafrica.org\/fr\/wp-json\/wp\/v2\/types\/post"}],"author":[{"embeddable":true,"href":"https:\/\/consolataafrica.org\/fr\/wp-json\/wp\/v2\/users\/1"}],"replies":[{"embeddable":true,"href":"https:\/\/consolataafrica.org\/fr\/wp-json\/wp\/v2\/comments?post=2453"}],"version-history":[{"count":2,"href":"https:\/\/consolataafrica.org\/fr\/wp-json\/wp\/v2\/posts\/2453\/revisions"}],"predecessor-version":[{"id":2463,"href":"https:\/\/consolataafrica.org\/fr\/wp-json\/wp\/v2\/posts\/2453\/revisions\/2463"}],"wp:featuredmedia":[{"embeddable":true,"href":"https:\/\/consolataafrica.org\/fr\/wp-json\/wp\/v2\/media\/2454"}],"wp:attachment":[{"href":"https:\/\/consolataafrica.org\/fr\/wp-json\/wp\/v2\/media?parent=2453"}],"wp:term":[{"taxonomy":"category","embeddable":true,"href":"https:\/\/consolataafrica.org\/fr\/wp-json\/wp\/v2\/categories?post=2453"},{"taxonomy":"post_tag","embeddable":true,"href":"https:\/\/consolataafrica.org\/fr\/wp-json\/wp\/v2\/tags?post=2453"}],"curies":[{"name":"wp","href":"https:\/\/api.w.org\/{rel}","templated":true}]}}