{"id":24,"date":"2024-04-25T20:49:42","date_gmt":"2024-04-25T18:49:42","guid":{"rendered":"https:\/\/consolataafrica.org\/fr\/?p=24"},"modified":"2024-04-25T21:52:28","modified_gmt":"2024-04-25T19:52:28","slug":"cote-divoire-dimanche-des-rameaux-en-langue-more","status":"publish","type":"post","link":"https:\/\/consolataafrica.org\/fr\/cote-divoire-dimanche-des-rameaux-en-langue-more\/","title":{"rendered":"C\u00f4te d\u2019Ivoire: Dimanche des Rameaux en langue mor\u00e9"},"content":{"rendered":"\n<figure class=\"wp-block-image size-large\"><img loading=\"lazy\" decoding=\"async\" width=\"1024\" height=\"573\" src=\"https:\/\/consolataafrica.org\/fr\/wp-content\/uploads\/2024\/04\/IMG-20240325-WA0063-1024x573.jpg\" alt=\"\" class=\"wp-image-25\" srcset=\"https:\/\/consolataafrica.org\/fr\/wp-content\/uploads\/2024\/04\/IMG-20240325-WA0063-1024x573.jpg 1024w, https:\/\/consolataafrica.org\/fr\/wp-content\/uploads\/2024\/04\/IMG-20240325-WA0063-300x168.jpg 300w, https:\/\/consolataafrica.org\/fr\/wp-content\/uploads\/2024\/04\/IMG-20240325-WA0063-768x430.jpg 768w, https:\/\/consolataafrica.org\/fr\/wp-content\/uploads\/2024\/04\/IMG-20240325-WA0063-1536x859.jpg 1536w, https:\/\/consolataafrica.org\/fr\/wp-content\/uploads\/2024\/04\/IMG-20240325-WA0063.jpg 1600w\" sizes=\"auto, (max-width: 1024px) 100vw, 1024px\" \/><\/figure>\n\n\n\n<blockquote class=\"wp-block-quote is-layout-flow wp-block-quote-is-layout-flow\">\n<p>Le Dimanche des Rameaux de cette ann\u00e9e 2024, nous avons eu l\u2019occasion de visiter la communaut\u00e9 de Kremou\u00e9 pour la c\u00e9l\u00e9bration des Rameaux. Kremou\u00e9 situ\u00e9 \u00e0 21 km de la ville de San P\u00e9dro en arrivant par de pistes de terre battue. Dans ce village s\u2019\u00e9rige la chapelle d\u00e9di\u00e9e \u00e0 Saint \u00c9tienne appartenant \u00e0 la paroisse Cath\u00e9drale Saint Pierre.<\/p>\n<\/blockquote>\n\n\n\n<p><strong><em>Par<\/em> <em>Ariel Tosoni<\/em> *<\/strong><\/p>\n\n\n\n<p>La communaut\u00e9 de Saint \u00c9tienne a anim\u00e9e la c\u00e9l\u00e9bration avec une liturgie simple et bien organis\u00e9e remplie des chants en langue mor\u00e9 car la plupart des chr\u00e9tiens sont d\u2019origine burkinab\u00e9. En effet, la liturgie de la Parole \u00e9tait aussi proclam\u00e9e en mor\u00e9 et en fran\u00e7ais. La messe \u00e9tait pr\u00e9sid\u00e9e par le p\u00e8re Landry Ezan, secr\u00e9taire g\u00e9n\u00e9ral du dioc\u00e8se de San P\u00e9dro, membre de l\u2019equipe sacerdotale de la Cath\u00e9drale, qui a introduit l\u2019assembl\u00e9e vers la mont\u00e9e \u00e0 J\u00e9rusalem et \u00e0 l\u2019ouverture de la Semaine Sainte.<\/p>\n\n\n\n<p>Kremou\u00e9 est au milieu de la for\u00eat et autour des champs de palmiers \u00e0 huile. Un projet immobilier de construction des logements familiaux \u00e0 quelques kilom\u00e8tres avant d\u2019arriver au village est en train de voir le jour. Possiblement le visage de cette zone foresti\u00e8re changera dans les ann\u00e9es \u00e0 venir, ainsi que celui de la communaut\u00e9 chr\u00e9tienne qui ne laisse pas de grandir, ni d\u2019exprimer sa foi dans leur langue&nbsp;maternelle.<\/p>\n\n\n\n<p class=\"has-medium-font-size\"><strong>Regarde la vid\u00e9o de la c\u00e9l\u00e9bration dans la communaut\u00e9 de Kremou\u00e9<\/strong><\/p>\n\n\n\n<figure class=\"wp-block-embed is-type-video is-provider-youtube wp-block-embed-youtube wp-embed-aspect-16-9 wp-has-aspect-ratio\"><div class=\"wp-block-embed__wrapper\">\n<iframe loading=\"lazy\" title=\"Rameaux 2024\" width=\"500\" height=\"281\" src=\"https:\/\/www.youtube.com\/embed\/az5ZLsD_B4M?feature=oembed\" frameborder=\"0\" allow=\"accelerometer; autoplay; clipboard-write; encrypted-media; gyroscope; picture-in-picture; web-share\" referrerpolicy=\"strict-origin-when-cross-origin\" allowfullscreen><\/iframe>\n<\/div><\/figure>\n\n\n\n<p id=\"fonte\"><em>* P\u00e8re Ariel Tosoni, est missionaire de la Consolata argentin que travaille en C\u00f4te d\u2019Ivoire.<\/em><\/p>\n\n\n\n<figure class=\"wp-block-image size-large\"><img loading=\"lazy\" decoding=\"async\" width=\"1024\" height=\"563\" src=\"https:\/\/consolataafrica.org\/fr\/wp-content\/uploads\/2024\/04\/IMG-20240325-WA0064-1024x563.jpg\" alt=\"\" class=\"wp-image-26\" srcset=\"https:\/\/consolataafrica.org\/fr\/wp-content\/uploads\/2024\/04\/IMG-20240325-WA0064-1024x563.jpg 1024w, https:\/\/consolataafrica.org\/fr\/wp-content\/uploads\/2024\/04\/IMG-20240325-WA0064-300x165.jpg 300w, https:\/\/consolataafrica.org\/fr\/wp-content\/uploads\/2024\/04\/IMG-20240325-WA0064-768x422.jpg 768w, https:\/\/consolataafrica.org\/fr\/wp-content\/uploads\/2024\/04\/IMG-20240325-WA0064-1536x844.jpg 1536w, https:\/\/consolataafrica.org\/fr\/wp-content\/uploads\/2024\/04\/IMG-20240325-WA0064.jpg 1600w\" sizes=\"auto, (max-width: 1024px) 100vw, 1024px\" \/><\/figure>\n","protected":false},"excerpt":{"rendered":"<p>Le Dimanche des Rameaux de cette ann\u00e9e 2024, nous avons eu l\u2019occasion de visiter la communaut\u00e9 de Kremou\u00e9 pour la c\u00e9l\u00e9bration des Rameaux. Kremou\u00e9 situ\u00e9 \u00e0 21 km de la ville de San P\u00e9dro en arrivant par de pistes de terre battue. Dans ce village s\u2019\u00e9rige la chapelle d\u00e9di\u00e9e \u00e0 Saint \u00c9tienne appartenant \u00e0 la paroisse Cath\u00e9drale Saint Pierre.<\/p>\n","protected":false},"author":1,"featured_media":25,"comment_status":"closed","ping_status":"closed","sticky":false,"template":"","format":"video","meta":{"footnotes":""},"categories":[3,6,4],"tags":[10,11,12],"class_list":["post-24","post","type-post","status-publish","format-video","has-post-thumbnail","hentry","category-a-la-une","category-a-la-une-nouvelles","category-nouvelles","tag-cote-divoire","tag-dimanche-des-rameaux","tag-imc","post_format-post-format-video"],"yoast_head":"<!-- This site is optimized with the Yoast SEO plugin v22.5 - https:\/\/yoast.com\/wordpress\/plugins\/seo\/ -->\n<title>C\u00f4te d\u2019Ivoire: Dimanche des Rameaux en langue mor\u00e9 - Consolata Africa<\/title>\n<meta name=\"robots\" content=\"index, follow, max-snippet:-1, max-image-preview:large, max-video-preview:-1\" \/>\n<link rel=\"canonical\" href=\"https:\/\/consolataafrica.org\/fr\/cote-divoire-dimanche-des-rameaux-en-langue-more\/\" \/>\n<meta property=\"og:locale\" content=\"fr_FR\" \/>\n<meta property=\"og:type\" content=\"article\" \/>\n<meta property=\"og:title\" content=\"C\u00f4te d\u2019Ivoire: Dimanche des Rameaux en langue mor\u00e9 - Consolata Africa\" \/>\n<meta property=\"og:description\" content=\"Le Dimanche des Rameaux de cette ann\u00e9e 2024, nous avons eu l\u2019occasion de visiter la communaut\u00e9 de Kremou\u00e9 pour la c\u00e9l\u00e9bration des Rameaux. Kremou\u00e9 situ\u00e9 \u00e0 21 km de la ville de San P\u00e9dro en arrivant par de pistes de terre battue. Dans ce village s\u2019\u00e9rige la chapelle d\u00e9di\u00e9e \u00e0 Saint \u00c9tienne appartenant \u00e0 la paroisse Cath\u00e9drale Saint Pierre.\" \/>\n<meta property=\"og:url\" content=\"https:\/\/consolataafrica.org\/fr\/cote-divoire-dimanche-des-rameaux-en-langue-more\/\" \/>\n<meta property=\"og:site_name\" content=\"Consolata Africa\" \/>\n<meta property=\"article:published_time\" content=\"2024-04-25T18:49:42+00:00\" \/>\n<meta property=\"article:modified_time\" content=\"2024-04-25T19:52:28+00:00\" \/>\n<meta property=\"og:image\" content=\"https:\/\/consolataafrica.org\/fr\/wp-content\/uploads\/2024\/04\/IMG-20240325-WA0063.jpg\" \/>\n\t<meta property=\"og:image:width\" content=\"1600\" \/>\n\t<meta property=\"og:image:height\" content=\"895\" \/>\n\t<meta property=\"og:image:type\" content=\"image\/jpeg\" \/>\n<meta name=\"author\" content=\"consaf@adm\" \/>\n<meta name=\"twitter:card\" content=\"summary_large_image\" \/>\n<meta name=\"twitter:label1\" content=\"\u00c9crit par\" \/>\n\t<meta name=\"twitter:data1\" content=\"consaf@adm\" \/>\n\t<meta name=\"twitter:label2\" content=\"Dur\u00e9e de lecture estim\u00e9e\" \/>\n\t<meta name=\"twitter:data2\" content=\"2 minutes\" \/>\n<script type=\"application\/ld+json\" class=\"yoast-schema-graph\">{\"@context\":\"https:\/\/schema.org\",\"@graph\":[{\"@type\":\"WebPage\",\"@id\":\"https:\/\/consolataafrica.org\/fr\/cote-divoire-dimanche-des-rameaux-en-langue-more\/\",\"url\":\"https:\/\/consolataafrica.org\/fr\/cote-divoire-dimanche-des-rameaux-en-langue-more\/\",\"name\":\"C\u00f4te d\u2019Ivoire: Dimanche des Rameaux en langue mor\u00e9 - Consolata Africa\",\"isPartOf\":{\"@id\":\"https:\/\/consolataafrica.org\/fr\/#website\"},\"primaryImageOfPage\":{\"@id\":\"https:\/\/consolataafrica.org\/fr\/cote-divoire-dimanche-des-rameaux-en-langue-more\/#primaryimage\"},\"image\":{\"@id\":\"https:\/\/consolataafrica.org\/fr\/cote-divoire-dimanche-des-rameaux-en-langue-more\/#primaryimage\"},\"thumbnailUrl\":\"https:\/\/consolataafrica.org\/fr\/wp-content\/uploads\/2024\/04\/IMG-20240325-WA0063.jpg\",\"datePublished\":\"2024-04-25T18:49:42+00:00\",\"dateModified\":\"2024-04-25T19:52:28+00:00\",\"author\":{\"@id\":\"https:\/\/consolataafrica.org\/fr\/#\/schema\/person\/4a24ca8466fa182069d14eba7ca61e4a\"},\"breadcrumb\":{\"@id\":\"https:\/\/consolataafrica.org\/fr\/cote-divoire-dimanche-des-rameaux-en-langue-more\/#breadcrumb\"},\"inLanguage\":\"fr-FR\",\"potentialAction\":[{\"@type\":\"ReadAction\",\"target\":[\"https:\/\/consolataafrica.org\/fr\/cote-divoire-dimanche-des-rameaux-en-langue-more\/\"]}]},{\"@type\":\"ImageObject\",\"inLanguage\":\"fr-FR\",\"@id\":\"https:\/\/consolataafrica.org\/fr\/cote-divoire-dimanche-des-rameaux-en-langue-more\/#primaryimage\",\"url\":\"https:\/\/consolataafrica.org\/fr\/wp-content\/uploads\/2024\/04\/IMG-20240325-WA0063.jpg\",\"contentUrl\":\"https:\/\/consolataafrica.org\/fr\/wp-content\/uploads\/2024\/04\/IMG-20240325-WA0063.jpg\",\"width\":1600,\"height\":895},{\"@type\":\"BreadcrumbList\",\"@id\":\"https:\/\/consolataafrica.org\/fr\/cote-divoire-dimanche-des-rameaux-en-langue-more\/#breadcrumb\",\"itemListElement\":[{\"@type\":\"ListItem\",\"position\":1,\"name\":\"Accueil\",\"item\":\"https:\/\/consolataafrica.org\/fr\/\"},{\"@type\":\"ListItem\",\"position\":2,\"name\":\"C\u00f4te d\u2019Ivoire: Dimanche des Rameaux en langue mor\u00e9\"}]},{\"@type\":\"WebSite\",\"@id\":\"https:\/\/consolataafrica.org\/fr\/#website\",\"url\":\"https:\/\/consolataafrica.org\/fr\/\",\"name\":\"Consolata Africa\",\"description\":\"Consolata Missionaries in the Continent of Africa\",\"potentialAction\":[{\"@type\":\"SearchAction\",\"target\":{\"@type\":\"EntryPoint\",\"urlTemplate\":\"https:\/\/consolataafrica.org\/fr\/?s={search_term_string}\"},\"query-input\":\"required name=search_term_string\"}],\"inLanguage\":\"fr-FR\"},{\"@type\":\"Person\",\"@id\":\"https:\/\/consolataafrica.org\/fr\/#\/schema\/person\/4a24ca8466fa182069d14eba7ca61e4a\",\"name\":\"consaf@adm\",\"sameAs\":[\"https:\/\/consolataafrica.org\/fr\"],\"url\":\"https:\/\/consolataafrica.org\/fr\/author\/consafadm\/\"}]}<\/script>\n<!-- \/ Yoast SEO plugin. -->","yoast_head_json":{"title":"C\u00f4te d\u2019Ivoire: Dimanche des Rameaux en langue mor\u00e9 - Consolata Africa","robots":{"index":"index","follow":"follow","max-snippet":"max-snippet:-1","max-image-preview":"max-image-preview:large","max-video-preview":"max-video-preview:-1"},"canonical":"https:\/\/consolataafrica.org\/fr\/cote-divoire-dimanche-des-rameaux-en-langue-more\/","og_locale":"fr_FR","og_type":"article","og_title":"C\u00f4te d\u2019Ivoire: Dimanche des Rameaux en langue mor\u00e9 - Consolata Africa","og_description":"Le Dimanche des Rameaux de cette ann\u00e9e 2024, nous avons eu l\u2019occasion de visiter la communaut\u00e9 de Kremou\u00e9 pour la c\u00e9l\u00e9bration des Rameaux. Kremou\u00e9 situ\u00e9 \u00e0 21 km de la ville de San P\u00e9dro en arrivant par de pistes de terre battue. Dans ce village s\u2019\u00e9rige la chapelle d\u00e9di\u00e9e \u00e0 Saint \u00c9tienne appartenant \u00e0 la paroisse Cath\u00e9drale Saint Pierre.","og_url":"https:\/\/consolataafrica.org\/fr\/cote-divoire-dimanche-des-rameaux-en-langue-more\/","og_site_name":"Consolata Africa","article_published_time":"2024-04-25T18:49:42+00:00","article_modified_time":"2024-04-25T19:52:28+00:00","og_image":[{"width":1600,"height":895,"url":"https:\/\/consolataafrica.org\/fr\/wp-content\/uploads\/2024\/04\/IMG-20240325-WA0063.jpg","type":"image\/jpeg"}],"author":"consaf@adm","twitter_card":"summary_large_image","twitter_misc":{"\u00c9crit par":"consaf@adm","Dur\u00e9e de lecture estim\u00e9e":"2 minutes"},"schema":{"@context":"https:\/\/schema.org","@graph":[{"@type":"WebPage","@id":"https:\/\/consolataafrica.org\/fr\/cote-divoire-dimanche-des-rameaux-en-langue-more\/","url":"https:\/\/consolataafrica.org\/fr\/cote-divoire-dimanche-des-rameaux-en-langue-more\/","name":"C\u00f4te d\u2019Ivoire: Dimanche des Rameaux en langue mor\u00e9 - Consolata Africa","isPartOf":{"@id":"https:\/\/consolataafrica.org\/fr\/#website"},"primaryImageOfPage":{"@id":"https:\/\/consolataafrica.org\/fr\/cote-divoire-dimanche-des-rameaux-en-langue-more\/#primaryimage"},"image":{"@id":"https:\/\/consolataafrica.org\/fr\/cote-divoire-dimanche-des-rameaux-en-langue-more\/#primaryimage"},"thumbnailUrl":"https:\/\/consolataafrica.org\/fr\/wp-content\/uploads\/2024\/04\/IMG-20240325-WA0063.jpg","datePublished":"2024-04-25T18:49:42+00:00","dateModified":"2024-04-25T19:52:28+00:00","author":{"@id":"https:\/\/consolataafrica.org\/fr\/#\/schema\/person\/4a24ca8466fa182069d14eba7ca61e4a"},"breadcrumb":{"@id":"https:\/\/consolataafrica.org\/fr\/cote-divoire-dimanche-des-rameaux-en-langue-more\/#breadcrumb"},"inLanguage":"fr-FR","potentialAction":[{"@type":"ReadAction","target":["https:\/\/consolataafrica.org\/fr\/cote-divoire-dimanche-des-rameaux-en-langue-more\/"]}]},{"@type":"ImageObject","inLanguage":"fr-FR","@id":"https:\/\/consolataafrica.org\/fr\/cote-divoire-dimanche-des-rameaux-en-langue-more\/#primaryimage","url":"https:\/\/consolataafrica.org\/fr\/wp-content\/uploads\/2024\/04\/IMG-20240325-WA0063.jpg","contentUrl":"https:\/\/consolataafrica.org\/fr\/wp-content\/uploads\/2024\/04\/IMG-20240325-WA0063.jpg","width":1600,"height":895},{"@type":"BreadcrumbList","@id":"https:\/\/consolataafrica.org\/fr\/cote-divoire-dimanche-des-rameaux-en-langue-more\/#breadcrumb","itemListElement":[{"@type":"ListItem","position":1,"name":"Accueil","item":"https:\/\/consolataafrica.org\/fr\/"},{"@type":"ListItem","position":2,"name":"C\u00f4te d\u2019Ivoire: Dimanche des Rameaux en langue mor\u00e9"}]},{"@type":"WebSite","@id":"https:\/\/consolataafrica.org\/fr\/#website","url":"https:\/\/consolataafrica.org\/fr\/","name":"Consolata Africa","description":"Consolata Missionaries in the Continent of Africa","potentialAction":[{"@type":"SearchAction","target":{"@type":"EntryPoint","urlTemplate":"https:\/\/consolataafrica.org\/fr\/?s={search_term_string}"},"query-input":"required name=search_term_string"}],"inLanguage":"fr-FR"},{"@type":"Person","@id":"https:\/\/consolataafrica.org\/fr\/#\/schema\/person\/4a24ca8466fa182069d14eba7ca61e4a","name":"consaf@adm","sameAs":["https:\/\/consolataafrica.org\/fr"],"url":"https:\/\/consolataafrica.org\/fr\/author\/consafadm\/"}]}},"_links":{"self":[{"href":"https:\/\/consolataafrica.org\/fr\/wp-json\/wp\/v2\/posts\/24","targetHints":{"allow":["GET"]}}],"collection":[{"href":"https:\/\/consolataafrica.org\/fr\/wp-json\/wp\/v2\/posts"}],"about":[{"href":"https:\/\/consolataafrica.org\/fr\/wp-json\/wp\/v2\/types\/post"}],"author":[{"embeddable":true,"href":"https:\/\/consolataafrica.org\/fr\/wp-json\/wp\/v2\/users\/1"}],"replies":[{"embeddable":true,"href":"https:\/\/consolataafrica.org\/fr\/wp-json\/wp\/v2\/comments?post=24"}],"version-history":[{"count":2,"href":"https:\/\/consolataafrica.org\/fr\/wp-json\/wp\/v2\/posts\/24\/revisions"}],"predecessor-version":[{"id":28,"href":"https:\/\/consolataafrica.org\/fr\/wp-json\/wp\/v2\/posts\/24\/revisions\/28"}],"wp:featuredmedia":[{"embeddable":true,"href":"https:\/\/consolataafrica.org\/fr\/wp-json\/wp\/v2\/media\/25"}],"wp:attachment":[{"href":"https:\/\/consolataafrica.org\/fr\/wp-json\/wp\/v2\/media?parent=24"}],"wp:term":[{"taxonomy":"category","embeddable":true,"href":"https:\/\/consolataafrica.org\/fr\/wp-json\/wp\/v2\/categories?post=24"},{"taxonomy":"post_tag","embeddable":true,"href":"https:\/\/consolataafrica.org\/fr\/wp-json\/wp\/v2\/tags?post=24"}],"curies":[{"name":"wp","href":"https:\/\/api.w.org\/{rel}","templated":true}]}}