{"id":2162,"date":"2026-05-01T21:29:18","date_gmt":"2026-05-01T19:29:18","guid":{"rendered":"https:\/\/consolataafrica.org\/fr\/?p=2162"},"modified":"2026-05-02T22:53:58","modified_gmt":"2026-05-02T20:53:58","slug":"rd-congo-le-cri-des-enfants","status":"publish","type":"post","link":"https:\/\/consolataafrica.org\/fr\/rd-congo-le-cri-des-enfants\/","title":{"rendered":"Rd Congo : Le cri des enfants\u2026"},"content":{"rendered":"\n<figure class=\"wp-block-image size-large\"><img loading=\"lazy\" decoding=\"async\" width=\"1024\" height=\"576\" src=\"https:\/\/consolataafrica.org\/fr\/wp-content\/uploads\/2026\/05\/20260501Congo6-1024x576.jpg\" alt=\"\" class=\"wp-image-2163\" srcset=\"https:\/\/consolataafrica.org\/fr\/wp-content\/uploads\/2026\/05\/20260501Congo6-1024x576.jpg 1024w, https:\/\/consolataafrica.org\/fr\/wp-content\/uploads\/2026\/05\/20260501Congo6-300x169.jpg 300w, https:\/\/consolataafrica.org\/fr\/wp-content\/uploads\/2026\/05\/20260501Congo6-768x432.jpg 768w, https:\/\/consolataafrica.org\/fr\/wp-content\/uploads\/2026\/05\/20260501Congo6.jpg 1230w\" sizes=\"auto, (max-width: 1024px) 100vw, 1024px\" \/><figcaption class=\"wp-element-caption\">Animation missionnaire avec les \u00e9l\u00e8ves de l&rsquo;\u00e9cole paroissiale Dieu mis\u00e9ricorde de Ndembo- Kisantu. Photos: Dioc\u00e8se de Kisantu<\/figcaption><\/figure>\n\n\n\n<blockquote class=\"wp-block-quote is-layout-flow wp-block-quote-is-layout-flow\">\n<p>Du 9 au 10 f\u00e9vrier 2026, nous avions effectu\u00e9 une visite dans le cadre de la pastorale liturgique dans le dioc\u00e8se de Kisantu en Rd Congo. Que peut-on dire de cette exp\u00e9rience ?<\/p>\n<\/blockquote>\n\n\n\n<p><em><strong>Par<\/strong> <strong>Jacques Kuziala *<\/strong><\/em><\/p>\n\n\n\n<p class=\"has-medium-font-size\"><strong>De la formation permanente<\/strong><\/p>\n\n\n\n<p>Avant d\u2019y r\u00e9pondre, il serait mieux de situer g\u00e9ographique ce dioc\u00e8se.&nbsp; La population du dioc\u00e8se de Kisantu est estim\u00e9e \u00e0 1.368.200. C\u2019est une terre de missions o\u00f9 l\u2019acc\u00e8s pour la majorit\u00e9 des paroisses est difficile. Il y a un manque d\u2019agents form\u00e9s pour bien conduire les communaut\u00e9s. Le Dioc\u00e8se se situe dans la province du Kongo Central en Rd Congo, \u00e0 120 kilom\u00e8tres de Kinshasa, la capitale politique.<\/p>\n\n\n\n<figure class=\"wp-block-image size-large\"><img loading=\"lazy\" decoding=\"async\" width=\"1024\" height=\"887\" src=\"https:\/\/consolataafrica.org\/fr\/wp-content\/uploads\/2026\/05\/WhatsAppge-2026-04-30-at-12.15.22-1024x887.jpeg\" alt=\"\" class=\"wp-image-2165\" srcset=\"https:\/\/consolataafrica.org\/fr\/wp-content\/uploads\/2026\/05\/WhatsAppge-2026-04-30-at-12.15.22-1024x887.jpeg 1024w, https:\/\/consolataafrica.org\/fr\/wp-content\/uploads\/2026\/05\/WhatsAppge-2026-04-30-at-12.15.22-300x260.jpeg 300w, https:\/\/consolataafrica.org\/fr\/wp-content\/uploads\/2026\/05\/WhatsAppge-2026-04-30-at-12.15.22-768x665.jpeg 768w, https:\/\/consolataafrica.org\/fr\/wp-content\/uploads\/2026\/05\/WhatsAppge-2026-04-30-at-12.15.22-1536x1330.jpeg 1536w, https:\/\/consolataafrica.org\/fr\/wp-content\/uploads\/2026\/05\/WhatsAppge-2026-04-30-at-12.15.22.jpeg 1728w\" sizes=\"auto, (max-width: 1024px) 100vw, 1024px\" \/><figcaption class=\"wp-element-caption\">Formation liturgique avec les animateurs de liturgie de laparoisse S. Henri de Lemfu-Kisantu<\/figcaption><\/figure>\n\n\n\n<p>Le dioc\u00e8se de Kisantu compte 37 paroisses auxquelles il faut ajouter des nombreuses sous-paroisses. Il connait depuis une trentaine d\u2019ann\u00e9e une effervescence de la foi, mais les agents pastoraux surtout dans les p\u00e9riph\u00e9ries ne sont pas bien form\u00e9s. Cela fait longtemps que de formations permanentes aux agents pastoraux ont \u00e9t\u00e9 organis\u00e9es sur place par manque de moyens et aussi l\u2019acc\u00e8s difficile. Le nouvel \u00e9v\u00eaque mgr Jean Crispin Kimbeni tient \u00e0 une formation permanente des agents pastoraux pour raviver la foi des fid\u00e8les. C\u2019est dans cette perspective que nous nous y rendons pour assurer la formation liturgique.<\/p>\n\n\n\n<p>En effet, tout pour r\u00e9pondre \u00e0 l\u2019appel pressant que resonne dans <em>Desiderio desideravi <\/em>\u00e0 red\u00e9couvrir la beaut\u00e9 de la liturgie : \u00ab La red\u00e9couverte continuelle de la beaut\u00e9 de la liturgie n\u2019est pas la poursuite d\u2019un esth\u00e9tisme rituel qui ne prend plaisir qu\u2019\u00e0 soigner la formalit\u00e9 ext\u00e9rieure d\u2019un rite ou se satisfait d\u2019une scrupuleuse observance des rubriques. Il va de soi que cette affirmation ne vise nullement \u00e0 approuver l\u2019attitude oppos\u00e9e qui confond la simplicit\u00e9 avec une banalit\u00e9 d\u00e9braill\u00e9e, l\u2019essentialit\u00e9 avec une superficialit\u00e9 ignorante, ou le caract\u00e8re concret de l\u2019action rituelle avec un fonctionnalisme pratique exasp\u00e9rant \u00bb (FRAN\u00c7OIS, Lettre apostolique <em>Desiderio desideravi<\/em>, 22).<\/p>\n\n\n\n<figure class=\"wp-block-image size-large\"><img loading=\"lazy\" decoding=\"async\" width=\"1024\" height=\"642\" src=\"https:\/\/consolataafrica.org\/fr\/wp-content\/uploads\/2026\/05\/20260501Congo4-1024x642.jpg\" alt=\"\" class=\"wp-image-2170\" srcset=\"https:\/\/consolataafrica.org\/fr\/wp-content\/uploads\/2026\/05\/20260501Congo4-1024x642.jpg 1024w, https:\/\/consolataafrica.org\/fr\/wp-content\/uploads\/2026\/05\/20260501Congo4-300x188.jpg 300w, https:\/\/consolataafrica.org\/fr\/wp-content\/uploads\/2026\/05\/20260501Congo4-768x481.jpg 768w, https:\/\/consolataafrica.org\/fr\/wp-content\/uploads\/2026\/05\/20260501Congo4.jpg 1230w\" sizes=\"auto, (max-width: 1024px) 100vw, 1024px\" \/><\/figure>\n\n\n\n<p class=\"has-medium-font-size\"><strong>De l\u2019objectif de la formation permanente \u00e0 Kisantu<\/strong><\/p>\n\n\n\n<p>L\u2019objectif global&nbsp;est la formation des diff\u00e9rents agents pastoraux pour redynamiser la vie pastorale. Sur ce, il faut leur donner de moyens ad\u00e9quats pour r\u00e9aliser la mission \u00e9vang\u00e9lisatrice. Le souhait est d\u2019avoir partout dans le dioc\u00e8se des animateurs form\u00e9s, suivis, et encadr\u00e9s \u00e0 travers les modules de formations. Et en ce qui concerne les chefs de ch\u0153urs, les cat\u00e9chistes et autres acteurs liturgiques, il n\u2019y a pas beaucoup d\u2019opportunit\u00e9s en ce sens \u00e0 cause de l\u2019\u00e9tat difficile des routes. Chacun par moment se d\u00e9brouille comme il peut.<\/p>\n\n\n\n<p>Il faut le dire que notre mission dans cet ordre se veut la recherche de faire connaitre comment vivre pleinement l\u2019action liturgique dans cet environnement. C\u2019est l\u00e0 que rev\u00eat l\u2019importance de la formation permanente en liturgie. Apr\u00e8s deux semaines environs de tourn\u00e9e de formation, une exp\u00e9rience touchante a marqu\u00e9 nos pas&nbsp;: la pr\u00e9sence des enfants avec un sens aigu d\u2019accueil du message. Autant pour souligner avec le Pape Fran\u00e7ois ce qui suit&nbsp;: \u00ab&nbsp;Pour les ministres comme pour tous les baptis\u00e9s, la formation liturgique dans son sens premier n\u2019est pas quelque chose qui peut \u00eatre acquis une fois pour toutes. Puisque le don du myst\u00e8re c\u00e9l\u00e9br\u00e9 d\u00e9passe notre capacit\u00e9 de le conna\u00eetre, cet effort doit certainement accompagner la formation permanente de tous, avec l\u2019humilit\u00e9 des petits, l\u2019attitude qui ouvre \u00e0 l\u2019\u00e9merveillement \u00bb ( FRAN\u00c7OIS, <em>Desiderio desideravi, <\/em>38).<\/p>\n\n\n\n<figure class=\"wp-block-image size-large\"><img loading=\"lazy\" decoding=\"async\" width=\"1024\" height=\"631\" src=\"https:\/\/consolataafrica.org\/fr\/wp-content\/uploads\/2026\/05\/20260501Congo-1024x631.jpg\" alt=\"\" class=\"wp-image-2167\" srcset=\"https:\/\/consolataafrica.org\/fr\/wp-content\/uploads\/2026\/05\/20260501Congo-1024x631.jpg 1024w, https:\/\/consolataafrica.org\/fr\/wp-content\/uploads\/2026\/05\/20260501Congo-300x185.jpg 300w, https:\/\/consolataafrica.org\/fr\/wp-content\/uploads\/2026\/05\/20260501Congo-768x474.jpg 768w, https:\/\/consolataafrica.org\/fr\/wp-content\/uploads\/2026\/05\/20260501Congo.jpg 1080w\" sizes=\"auto, (max-width: 1024px) 100vw, 1024px\" \/><figcaption class=\"wp-element-caption\">Formation liturgique avec les jeunes de la paroisse sacr\u00e9 coeur de Kikonsi-luidi \u00e0 Kisantu.<\/figcaption><\/figure>\n\n\n\n<p class=\"has-medium-font-size\"><strong>De la formation permanent \u00e0 l\u2019animation missionnaire<\/strong><\/p>\n\n\n\n<p>Ce temps de formation permanent m\u2019a permis aussi de faire l\u2019animation des enfants \u00e0 l\u2019enfance missionnaire. C\u2019est pourquoi, nous pr\u00e9sentons ici les cris de ces innocents qui cherchent \u00e0 donner sens \u00e0 leur vie. J\u2019en ai rencontr\u00e9 un qui chaque matin doit se r\u00e9veiller \u00e0 4h du matin me disait-il pour qu\u2019\u00e0 5h qu\u2019il soit en route pour rejoindre l\u2019\u00e9cole \u00e0 60 Km de la maison. Du coup, chaque jour, il doit faire 120 km \u00e0 pied aller-retour, chaque semaine 600 Km et chaque mois 7200 km \u00e0 pied. Il est inadmissible dans ce monde dont la r\u00e9partition de biens n\u2019est pas rendue de fa\u00e7on \u00e9quitable pour que tous puissent retrouver la dignit\u00e9. Dans cette optique le Pape L\u00e9on note que le Christ montre la dignit\u00e9 de chaque \u00eatre humain dans son amour donn\u00e9 jusqu&rsquo;au bout (LEON XIV, Exhort. Apost. <em>Dilexit te<\/em>, 4 octobre 2025, 2).<\/p>\n\n\n\n<figure class=\"wp-block-image size-large\"><img loading=\"lazy\" decoding=\"async\" width=\"1024\" height=\"554\" src=\"https:\/\/consolataafrica.org\/fr\/wp-content\/uploads\/2026\/05\/202605014-1024x554.jpg\" alt=\"\" class=\"wp-image-2168\" srcset=\"https:\/\/consolataafrica.org\/fr\/wp-content\/uploads\/2026\/05\/202605014-1024x554.jpg 1024w, https:\/\/consolataafrica.org\/fr\/wp-content\/uploads\/2026\/05\/202605014-300x162.jpg 300w, https:\/\/consolataafrica.org\/fr\/wp-content\/uploads\/2026\/05\/202605014-768x415.jpg 768w, https:\/\/consolataafrica.org\/fr\/wp-content\/uploads\/2026\/05\/202605014.jpg 1230w\" sizes=\"auto, (max-width: 1024px) 100vw, 1024px\" \/><\/figure>\n\n\n\n<p>En effet, la joie que j\u2019ai exp\u00e9riment\u00e9e est que ces enfants aspirent \u00e0 un avenir meilleur. Il est vrai que les choses changeront lorsque chaque \u00eatre humain sera consid\u00e9r\u00e9 dans son \u00eatre le plus profond, c\u2019est-\u00e0-dire cr\u00e9\u00e9 \u00e0 l\u2019image et \u00e0 la ressemblance de Dieu.&nbsp; A travers ce moment de rencontre avec les enfants de l\u2019\u00e9cole, nous avions profit\u00e9 de parler de l\u2019enfance missionnaire pour que ceux-ci apprennent dans leur \u00e9tat \u00e0 \u00eatre Eglise au service de vuln\u00e9rable. Le riche ignore quelque fois qu\u2019il appartient \u00e0 la terre avec les autres \u00eatres m\u00eame s\u2019ils n\u2019ont rien, mais pas forc\u00e9ment qu\u2019ils ne sont rien. Car, devant la mort il n\u2019y a pas de diff\u00e9rence entre le riche et le pauvre. Et n\u2019oublions pas la seule richesse qui traverse la mort, c\u2019est l\u2019amour. Tout le reste passera, mais l\u2019amour que nous aurons donn\u00e9 lui restera pour l\u2019\u00e9ternit\u00e9.<\/p>\n\n\n\n<figure class=\"wp-block-image size-large\"><img loading=\"lazy\" decoding=\"async\" width=\"1024\" height=\"624\" src=\"https:\/\/consolataafrica.org\/fr\/wp-content\/uploads\/2026\/05\/20260501Congo3-1024x624.jpg\" alt=\"\" class=\"wp-image-2169\" srcset=\"https:\/\/consolataafrica.org\/fr\/wp-content\/uploads\/2026\/05\/20260501Congo3-1024x624.jpg 1024w, https:\/\/consolataafrica.org\/fr\/wp-content\/uploads\/2026\/05\/20260501Congo3-300x183.jpg 300w, https:\/\/consolataafrica.org\/fr\/wp-content\/uploads\/2026\/05\/20260501Congo3-768x468.jpg 768w, https:\/\/consolataafrica.org\/fr\/wp-content\/uploads\/2026\/05\/20260501Congo3.jpg 1230w\" sizes=\"auto, (max-width: 1024px) 100vw, 1024px\" \/><figcaption class=\"wp-element-caption\">Formation liturgique \u00e0 la paroisse coeur immacul\u00e9 de Marie de Kimpemba-Kisantu.<\/figcaption><\/figure>\n\n\n\n<p>Le cri des enfants que nous portons ici \u00e0 travers ces lignes nous aident \u00e0 vivre les uns \u00e0 c\u00f4t\u00e9s des autres, jamais sans les autres. C\u2019est ainsi que le texte de Lc 16, 19-31 appel\u00e9 le texte du riche et de Lazare doit \u00eatre soulign\u00e9 \u00e0 bien des \u00e9gards. Le riche de la parabole, est exactement cet homme qui met sa foi dans ce qu\u2019il poss\u00e8de. Il est riche, bien habill\u00e9, il mange bien chaque jour. Il semble r\u00e9ussir sa vie. Mais il est aveugle, il ne voit pas celui qui est \u00e0 sa porte. Lazare n\u2019est pas loin. Il n\u2019est pas cach\u00e9, il est l\u00e0, sous ses yeux, chaque jour. Le p\u00e9ch\u00e9 du riche n\u2019est pas spectaculaire. Il ne fait pas de grandes fautes visibles. Il ne fait rien, il laisse faire. Il s\u2019habitue \u00e0 la mis\u00e8re de l\u2019autre, il s\u2019enferme dans son confort. Cette indiff\u00e9rence finit par fermer son c\u0153ur lentement sans bruit. C\u2019est pourquoi, nous crions avec cette foule d\u2019enfants assez l\u2019injustice, abat l\u2019indiff\u00e9rence. Vivons pour un monde nouveau les uns avec les autres, jamais sans les autres.<\/p>\n\n\n\n<p class=\"fonte\"><em>* Padre Jacques Kuziala, IMC, charg\u00e9 de la pastorale liturgique, <\/em><em>dioc\u00e8se de Kisantu en Rd Congo<\/em><em>.<\/em><\/p>\n","protected":false},"excerpt":{"rendered":"<p>Du 9 au 10 f\u00e9vrier 2026, nous avions effectu\u00e9 une visite dans le cadre de la pastorale liturgique dans le dioc\u00e8se de Kisantu en Rd Congo. Que peut-on dire de cette exp\u00e9rience ?<\/p>\n","protected":false},"author":1,"featured_media":2163,"comment_status":"closed","ping_status":"closed","sticky":false,"template":"","format":"standard","meta":{"footnotes":""},"categories":[3,25,5,124,69,67,68],"tags":[214,231,40],"class_list":["post-2162","post","type-post","status-publish","format-standard","has-post-thumbnail","hentry","category-a-la-une","category-afrique","category-articles","category-eglise","category-formation","category-mission","category-spiritualite","tag-diocese-de-kisantu","tag-pastorale-liturgique","tag-rd-congo"],"yoast_head":"<!-- This site is optimized with the Yoast SEO plugin v22.5 - https:\/\/yoast.com\/wordpress\/plugins\/seo\/ -->\n<title>Rd Congo : Le cri des enfants\u2026 - Consolata Africa<\/title>\n<meta name=\"robots\" content=\"index, follow, max-snippet:-1, max-image-preview:large, max-video-preview:-1\" \/>\n<link rel=\"canonical\" href=\"https:\/\/consolataafrica.org\/fr\/rd-congo-le-cri-des-enfants\/\" \/>\n<meta property=\"og:locale\" content=\"fr_FR\" \/>\n<meta property=\"og:type\" content=\"article\" \/>\n<meta property=\"og:title\" content=\"Rd Congo : Le cri des enfants\u2026 - Consolata Africa\" \/>\n<meta property=\"og:description\" content=\"Du 9 au 10 f\u00e9vrier 2026, nous avions effectu\u00e9 une visite dans le cadre de la pastorale liturgique dans le dioc\u00e8se de Kisantu en Rd Congo. Que peut-on dire de cette exp\u00e9rience ?\" \/>\n<meta property=\"og:url\" content=\"https:\/\/consolataafrica.org\/fr\/rd-congo-le-cri-des-enfants\/\" \/>\n<meta property=\"og:site_name\" content=\"Consolata Africa\" \/>\n<meta property=\"article:published_time\" content=\"2026-05-01T19:29:18+00:00\" \/>\n<meta property=\"article:modified_time\" content=\"2026-05-02T20:53:58+00:00\" \/>\n<meta property=\"og:image\" content=\"https:\/\/consolataafrica.org\/fr\/wp-content\/uploads\/2026\/05\/20260501Congo6.jpg\" \/>\n\t<meta property=\"og:image:width\" content=\"1230\" \/>\n\t<meta property=\"og:image:height\" content=\"692\" \/>\n\t<meta property=\"og:image:type\" content=\"image\/jpeg\" \/>\n<meta name=\"author\" content=\"consaf@adm\" \/>\n<meta name=\"twitter:card\" content=\"summary_large_image\" \/>\n<meta name=\"twitter:label1\" content=\"\u00c9crit par\" \/>\n\t<meta name=\"twitter:data1\" content=\"consaf@adm\" \/>\n\t<meta name=\"twitter:label2\" content=\"Dur\u00e9e de lecture estim\u00e9e\" \/>\n\t<meta name=\"twitter:data2\" content=\"7 minutes\" \/>\n<script type=\"application\/ld+json\" class=\"yoast-schema-graph\">{\"@context\":\"https:\/\/schema.org\",\"@graph\":[{\"@type\":\"WebPage\",\"@id\":\"https:\/\/consolataafrica.org\/fr\/rd-congo-le-cri-des-enfants\/\",\"url\":\"https:\/\/consolataafrica.org\/fr\/rd-congo-le-cri-des-enfants\/\",\"name\":\"Rd Congo : Le cri des enfants\u2026 - Consolata Africa\",\"isPartOf\":{\"@id\":\"https:\/\/consolataafrica.org\/fr\/#website\"},\"primaryImageOfPage\":{\"@id\":\"https:\/\/consolataafrica.org\/fr\/rd-congo-le-cri-des-enfants\/#primaryimage\"},\"image\":{\"@id\":\"https:\/\/consolataafrica.org\/fr\/rd-congo-le-cri-des-enfants\/#primaryimage\"},\"thumbnailUrl\":\"https:\/\/consolataafrica.org\/fr\/wp-content\/uploads\/2026\/05\/20260501Congo6.jpg\",\"datePublished\":\"2026-05-01T19:29:18+00:00\",\"dateModified\":\"2026-05-02T20:53:58+00:00\",\"author\":{\"@id\":\"https:\/\/consolataafrica.org\/fr\/#\/schema\/person\/4a24ca8466fa182069d14eba7ca61e4a\"},\"breadcrumb\":{\"@id\":\"https:\/\/consolataafrica.org\/fr\/rd-congo-le-cri-des-enfants\/#breadcrumb\"},\"inLanguage\":\"fr-FR\",\"potentialAction\":[{\"@type\":\"ReadAction\",\"target\":[\"https:\/\/consolataafrica.org\/fr\/rd-congo-le-cri-des-enfants\/\"]}]},{\"@type\":\"ImageObject\",\"inLanguage\":\"fr-FR\",\"@id\":\"https:\/\/consolataafrica.org\/fr\/rd-congo-le-cri-des-enfants\/#primaryimage\",\"url\":\"https:\/\/consolataafrica.org\/fr\/wp-content\/uploads\/2026\/05\/20260501Congo6.jpg\",\"contentUrl\":\"https:\/\/consolataafrica.org\/fr\/wp-content\/uploads\/2026\/05\/20260501Congo6.jpg\",\"width\":1230,\"height\":692},{\"@type\":\"BreadcrumbList\",\"@id\":\"https:\/\/consolataafrica.org\/fr\/rd-congo-le-cri-des-enfants\/#breadcrumb\",\"itemListElement\":[{\"@type\":\"ListItem\",\"position\":1,\"name\":\"Accueil\",\"item\":\"https:\/\/consolataafrica.org\/fr\/\"},{\"@type\":\"ListItem\",\"position\":2,\"name\":\"Rd Congo : Le cri des enfants\u2026\"}]},{\"@type\":\"WebSite\",\"@id\":\"https:\/\/consolataafrica.org\/fr\/#website\",\"url\":\"https:\/\/consolataafrica.org\/fr\/\",\"name\":\"Consolata Africa\",\"description\":\"Consolata Missionaries in the Continent of Africa\",\"potentialAction\":[{\"@type\":\"SearchAction\",\"target\":{\"@type\":\"EntryPoint\",\"urlTemplate\":\"https:\/\/consolataafrica.org\/fr\/?s={search_term_string}\"},\"query-input\":\"required name=search_term_string\"}],\"inLanguage\":\"fr-FR\"},{\"@type\":\"Person\",\"@id\":\"https:\/\/consolataafrica.org\/fr\/#\/schema\/person\/4a24ca8466fa182069d14eba7ca61e4a\",\"name\":\"consaf@adm\",\"sameAs\":[\"https:\/\/consolataafrica.org\/fr\"],\"url\":\"https:\/\/consolataafrica.org\/fr\/author\/consafadm\/\"}]}<\/script>\n<!-- \/ Yoast SEO plugin. -->","yoast_head_json":{"title":"Rd Congo : Le cri des enfants\u2026 - Consolata Africa","robots":{"index":"index","follow":"follow","max-snippet":"max-snippet:-1","max-image-preview":"max-image-preview:large","max-video-preview":"max-video-preview:-1"},"canonical":"https:\/\/consolataafrica.org\/fr\/rd-congo-le-cri-des-enfants\/","og_locale":"fr_FR","og_type":"article","og_title":"Rd Congo : Le cri des enfants\u2026 - Consolata Africa","og_description":"Du 9 au 10 f\u00e9vrier 2026, nous avions effectu\u00e9 une visite dans le cadre de la pastorale liturgique dans le dioc\u00e8se de Kisantu en Rd Congo. Que peut-on dire de cette exp\u00e9rience ?","og_url":"https:\/\/consolataafrica.org\/fr\/rd-congo-le-cri-des-enfants\/","og_site_name":"Consolata Africa","article_published_time":"2026-05-01T19:29:18+00:00","article_modified_time":"2026-05-02T20:53:58+00:00","og_image":[{"width":1230,"height":692,"url":"https:\/\/consolataafrica.org\/fr\/wp-content\/uploads\/2026\/05\/20260501Congo6.jpg","type":"image\/jpeg"}],"author":"consaf@adm","twitter_card":"summary_large_image","twitter_misc":{"\u00c9crit par":"consaf@adm","Dur\u00e9e de lecture estim\u00e9e":"7 minutes"},"schema":{"@context":"https:\/\/schema.org","@graph":[{"@type":"WebPage","@id":"https:\/\/consolataafrica.org\/fr\/rd-congo-le-cri-des-enfants\/","url":"https:\/\/consolataafrica.org\/fr\/rd-congo-le-cri-des-enfants\/","name":"Rd Congo : Le cri des enfants\u2026 - Consolata Africa","isPartOf":{"@id":"https:\/\/consolataafrica.org\/fr\/#website"},"primaryImageOfPage":{"@id":"https:\/\/consolataafrica.org\/fr\/rd-congo-le-cri-des-enfants\/#primaryimage"},"image":{"@id":"https:\/\/consolataafrica.org\/fr\/rd-congo-le-cri-des-enfants\/#primaryimage"},"thumbnailUrl":"https:\/\/consolataafrica.org\/fr\/wp-content\/uploads\/2026\/05\/20260501Congo6.jpg","datePublished":"2026-05-01T19:29:18+00:00","dateModified":"2026-05-02T20:53:58+00:00","author":{"@id":"https:\/\/consolataafrica.org\/fr\/#\/schema\/person\/4a24ca8466fa182069d14eba7ca61e4a"},"breadcrumb":{"@id":"https:\/\/consolataafrica.org\/fr\/rd-congo-le-cri-des-enfants\/#breadcrumb"},"inLanguage":"fr-FR","potentialAction":[{"@type":"ReadAction","target":["https:\/\/consolataafrica.org\/fr\/rd-congo-le-cri-des-enfants\/"]}]},{"@type":"ImageObject","inLanguage":"fr-FR","@id":"https:\/\/consolataafrica.org\/fr\/rd-congo-le-cri-des-enfants\/#primaryimage","url":"https:\/\/consolataafrica.org\/fr\/wp-content\/uploads\/2026\/05\/20260501Congo6.jpg","contentUrl":"https:\/\/consolataafrica.org\/fr\/wp-content\/uploads\/2026\/05\/20260501Congo6.jpg","width":1230,"height":692},{"@type":"BreadcrumbList","@id":"https:\/\/consolataafrica.org\/fr\/rd-congo-le-cri-des-enfants\/#breadcrumb","itemListElement":[{"@type":"ListItem","position":1,"name":"Accueil","item":"https:\/\/consolataafrica.org\/fr\/"},{"@type":"ListItem","position":2,"name":"Rd Congo : Le cri des enfants\u2026"}]},{"@type":"WebSite","@id":"https:\/\/consolataafrica.org\/fr\/#website","url":"https:\/\/consolataafrica.org\/fr\/","name":"Consolata Africa","description":"Consolata Missionaries in the Continent of Africa","potentialAction":[{"@type":"SearchAction","target":{"@type":"EntryPoint","urlTemplate":"https:\/\/consolataafrica.org\/fr\/?s={search_term_string}"},"query-input":"required name=search_term_string"}],"inLanguage":"fr-FR"},{"@type":"Person","@id":"https:\/\/consolataafrica.org\/fr\/#\/schema\/person\/4a24ca8466fa182069d14eba7ca61e4a","name":"consaf@adm","sameAs":["https:\/\/consolataafrica.org\/fr"],"url":"https:\/\/consolataafrica.org\/fr\/author\/consafadm\/"}]}},"_links":{"self":[{"href":"https:\/\/consolataafrica.org\/fr\/wp-json\/wp\/v2\/posts\/2162","targetHints":{"allow":["GET"]}}],"collection":[{"href":"https:\/\/consolataafrica.org\/fr\/wp-json\/wp\/v2\/posts"}],"about":[{"href":"https:\/\/consolataafrica.org\/fr\/wp-json\/wp\/v2\/types\/post"}],"author":[{"embeddable":true,"href":"https:\/\/consolataafrica.org\/fr\/wp-json\/wp\/v2\/users\/1"}],"replies":[{"embeddable":true,"href":"https:\/\/consolataafrica.org\/fr\/wp-json\/wp\/v2\/comments?post=2162"}],"version-history":[{"count":4,"href":"https:\/\/consolataafrica.org\/fr\/wp-json\/wp\/v2\/posts\/2162\/revisions"}],"predecessor-version":[{"id":2174,"href":"https:\/\/consolataafrica.org\/fr\/wp-json\/wp\/v2\/posts\/2162\/revisions\/2174"}],"wp:featuredmedia":[{"embeddable":true,"href":"https:\/\/consolataafrica.org\/fr\/wp-json\/wp\/v2\/media\/2163"}],"wp:attachment":[{"href":"https:\/\/consolataafrica.org\/fr\/wp-json\/wp\/v2\/media?parent=2162"}],"wp:term":[{"taxonomy":"category","embeddable":true,"href":"https:\/\/consolataafrica.org\/fr\/wp-json\/wp\/v2\/categories?post=2162"},{"taxonomy":"post_tag","embeddable":true,"href":"https:\/\/consolataafrica.org\/fr\/wp-json\/wp\/v2\/tags?post=2162"}],"curies":[{"name":"wp","href":"https:\/\/api.w.org\/{rel}","templated":true}]}}