{"id":2157,"date":"2026-04-30T09:16:56","date_gmt":"2026-04-30T07:16:56","guid":{"rendered":"https:\/\/consolataafrica.org\/fr\/?p=2157"},"modified":"2026-04-30T09:31:25","modified_gmt":"2026-04-30T07:31:25","slug":"saint-joseph-allamano-11-vie-et-heritage","status":"publish","type":"post","link":"https:\/\/consolataafrica.org\/fr\/saint-joseph-allamano-11-vie-et-heritage\/","title":{"rendered":"Saint Joseph Allamano 11. Vie et h\u00e9ritage"},"content":{"rendered":"\n<figure class=\"wp-block-image size-large\"><img loading=\"lazy\" decoding=\"async\" width=\"1024\" height=\"576\" src=\"https:\/\/consolataafrica.org\/fr\/wp-content\/uploads\/2026\/04\/2d3e3e281964809d30547168a16ced85_XL-1024x576.jpg\" alt=\"\" class=\"wp-image-2158\" srcset=\"https:\/\/consolataafrica.org\/fr\/wp-content\/uploads\/2026\/04\/2d3e3e281964809d30547168a16ced85_XL-1024x576.jpg 1024w, https:\/\/consolataafrica.org\/fr\/wp-content\/uploads\/2026\/04\/2d3e3e281964809d30547168a16ced85_XL-300x169.jpg 300w, https:\/\/consolataafrica.org\/fr\/wp-content\/uploads\/2026\/04\/2d3e3e281964809d30547168a16ced85_XL-768x432.jpg 768w, https:\/\/consolataafrica.org\/fr\/wp-content\/uploads\/2026\/04\/2d3e3e281964809d30547168a16ced85_XL.jpg 1280w\" sizes=\"auto, (max-width: 1024px) 100vw, 1024px\" \/><\/figure>\n\n\n\n<blockquote class=\"wp-block-quote is-layout-flow wp-block-quote-is-layout-flow\">\n<p>Dans la onzi\u00e8me vid\u00e9o r\u00e9alis\u00e9e \u00e0 l\u2019occasion du Centenaire de la naissance au ciel de Saint Joseph Allamano pour le mois d\u2019avril 2026, sont retrac\u00e9es les \u00e9tapes d\u00e9cisives de sa vie.<\/p>\n<\/blockquote>\n\n\n\n<p>Dans ce parcours, nous sommes guid\u00e9s par une frise chronologique qui met \u00e9galement en valeur, de mani\u00e8re graphique, les moments les plus significatifs de son itin\u00e9raire biographique : de sa naissance \u00e0 Castelnuovo d\u2019Asti le 21 janvier 1851 jusqu\u2019\u00e0 sa canonisation sur la Place Saint-Pierre, lors de la c\u00e9l\u00e9bration pr\u00e9sid\u00e9e par le Pape Fran\u00e7ois le 20 octobre 2024. Un bref voyage historique et spirituel qui nous offre une synth\u00e8se de sa vie ainsi que de son h\u00e9ritage.<\/p>\n\n\n\n<figure class=\"wp-block-embed is-type-video is-provider-youtube wp-block-embed-youtube wp-embed-aspect-16-9 wp-has-aspect-ratio\"><div class=\"wp-block-embed__wrapper\">\n<iframe loading=\"lazy\" title=\"San Giuseppe Allamano 11. Vita e eredit\u00e0\" width=\"500\" height=\"281\" src=\"https:\/\/www.youtube.com\/embed\/d46B8qkUcyA?feature=oembed\" frameborder=\"0\" allow=\"accelerometer; autoplay; clipboard-write; encrypted-media; gyroscope; picture-in-picture; web-share\" referrerpolicy=\"strict-origin-when-cross-origin\" allowfullscreen><\/iframe>\n<\/div><\/figure>\n\n\n\n<p class=\"fonte\"><em>Une r\u00e9alisation de <a href=\"https:\/\/mediacor.it\/\" target=\"_blank\" rel=\"noreferrer noopener\">Mediacor<\/a><\/em><\/p>\n\n\n\n<figure class=\"wp-block-embed is-type-video is-provider-youtube wp-block-embed-youtube wp-embed-aspect-16-9 wp-has-aspect-ratio\"><div class=\"wp-block-embed__wrapper\">\n<iframe loading=\"lazy\" title=\"PAROLE DELL&#039;ALLAMANO. PRIMA SANTI POI MISSIONARI\" width=\"500\" height=\"281\" src=\"https:\/\/www.youtube.com\/embed\/ucpTzotXUiw?feature=oembed\" frameborder=\"0\" allow=\"accelerometer; autoplay; clipboard-write; encrypted-media; gyroscope; picture-in-picture; web-share\" referrerpolicy=\"strict-origin-when-cross-origin\" allowfullscreen><\/iframe>\n<\/div><\/figure>\n","protected":false},"excerpt":{"rendered":"<p>Dans la onzi\u00e8me vid\u00e9o r\u00e9alis\u00e9e \u00e0 l\u2019occasion du Centenaire de la naissance au ciel de Saint Joseph Allamano pour le mois d\u2019avril 2026, sont retrac\u00e9es les \u00e9tapes d\u00e9cisives de sa vie.<\/p>\n","protected":false},"author":1,"featured_media":2158,"comment_status":"closed","ping_status":"closed","sticky":false,"template":"","format":"video","meta":{"footnotes":""},"categories":[3,5,186,67,68],"tags":[173,97,119],"class_list":["post-2157","post","type-post","status-publish","format-video","has-post-thumbnail","hentry","category-a-la-une","category-articles","category-fondateur","category-mission","category-spiritualite","tag-centenaire-de-la-mort-allamano","tag-famille-consolata","tag-saint-joseph-allamano","post_format-post-format-video"],"yoast_head":"<!-- This site is optimized with the Yoast SEO plugin v22.5 - https:\/\/yoast.com\/wordpress\/plugins\/seo\/ -->\n<title>Saint Joseph Allamano 11. Vie et h\u00e9ritage - Consolata Africa<\/title>\n<meta name=\"robots\" content=\"index, follow, max-snippet:-1, max-image-preview:large, max-video-preview:-1\" \/>\n<link rel=\"canonical\" href=\"https:\/\/consolataafrica.org\/fr\/saint-joseph-allamano-11-vie-et-heritage\/\" \/>\n<meta property=\"og:locale\" content=\"fr_FR\" \/>\n<meta property=\"og:type\" content=\"article\" \/>\n<meta property=\"og:title\" content=\"Saint Joseph Allamano 11. Vie et h\u00e9ritage - Consolata Africa\" \/>\n<meta property=\"og:description\" content=\"Dans la onzi\u00e8me vid\u00e9o r\u00e9alis\u00e9e \u00e0 l\u2019occasion du Centenaire de la naissance au ciel de Saint Joseph Allamano pour le mois d\u2019avril 2026, sont retrac\u00e9es les \u00e9tapes d\u00e9cisives de sa vie.\" \/>\n<meta property=\"og:url\" content=\"https:\/\/consolataafrica.org\/fr\/saint-joseph-allamano-11-vie-et-heritage\/\" \/>\n<meta property=\"og:site_name\" content=\"Consolata Africa\" \/>\n<meta property=\"article:published_time\" content=\"2026-04-30T07:16:56+00:00\" \/>\n<meta property=\"article:modified_time\" content=\"2026-04-30T07:31:25+00:00\" \/>\n<meta property=\"og:image\" content=\"https:\/\/consolataafrica.org\/fr\/wp-content\/uploads\/2026\/04\/2d3e3e281964809d30547168a16ced85_XL.jpg\" \/>\n\t<meta property=\"og:image:width\" content=\"1280\" \/>\n\t<meta property=\"og:image:height\" content=\"720\" \/>\n\t<meta property=\"og:image:type\" content=\"image\/jpeg\" \/>\n<meta name=\"author\" content=\"consaf@adm\" \/>\n<meta name=\"twitter:card\" content=\"summary_large_image\" \/>\n<meta name=\"twitter:label1\" content=\"\u00c9crit par\" \/>\n\t<meta name=\"twitter:data1\" content=\"consaf@adm\" \/>\n\t<meta name=\"twitter:label2\" content=\"Dur\u00e9e de lecture estim\u00e9e\" \/>\n\t<meta name=\"twitter:data2\" content=\"1 minute\" \/>\n<script type=\"application\/ld+json\" class=\"yoast-schema-graph\">{\"@context\":\"https:\/\/schema.org\",\"@graph\":[{\"@type\":\"WebPage\",\"@id\":\"https:\/\/consolataafrica.org\/fr\/saint-joseph-allamano-11-vie-et-heritage\/\",\"url\":\"https:\/\/consolataafrica.org\/fr\/saint-joseph-allamano-11-vie-et-heritage\/\",\"name\":\"Saint Joseph Allamano 11. Vie et h\u00e9ritage - Consolata Africa\",\"isPartOf\":{\"@id\":\"https:\/\/consolataafrica.org\/fr\/#website\"},\"primaryImageOfPage\":{\"@id\":\"https:\/\/consolataafrica.org\/fr\/saint-joseph-allamano-11-vie-et-heritage\/#primaryimage\"},\"image\":{\"@id\":\"https:\/\/consolataafrica.org\/fr\/saint-joseph-allamano-11-vie-et-heritage\/#primaryimage\"},\"thumbnailUrl\":\"https:\/\/consolataafrica.org\/fr\/wp-content\/uploads\/2026\/04\/2d3e3e281964809d30547168a16ced85_XL.jpg\",\"datePublished\":\"2026-04-30T07:16:56+00:00\",\"dateModified\":\"2026-04-30T07:31:25+00:00\",\"author\":{\"@id\":\"https:\/\/consolataafrica.org\/fr\/#\/schema\/person\/4a24ca8466fa182069d14eba7ca61e4a\"},\"breadcrumb\":{\"@id\":\"https:\/\/consolataafrica.org\/fr\/saint-joseph-allamano-11-vie-et-heritage\/#breadcrumb\"},\"inLanguage\":\"fr-FR\",\"potentialAction\":[{\"@type\":\"ReadAction\",\"target\":[\"https:\/\/consolataafrica.org\/fr\/saint-joseph-allamano-11-vie-et-heritage\/\"]}]},{\"@type\":\"ImageObject\",\"inLanguage\":\"fr-FR\",\"@id\":\"https:\/\/consolataafrica.org\/fr\/saint-joseph-allamano-11-vie-et-heritage\/#primaryimage\",\"url\":\"https:\/\/consolataafrica.org\/fr\/wp-content\/uploads\/2026\/04\/2d3e3e281964809d30547168a16ced85_XL.jpg\",\"contentUrl\":\"https:\/\/consolataafrica.org\/fr\/wp-content\/uploads\/2026\/04\/2d3e3e281964809d30547168a16ced85_XL.jpg\",\"width\":1280,\"height\":720},{\"@type\":\"BreadcrumbList\",\"@id\":\"https:\/\/consolataafrica.org\/fr\/saint-joseph-allamano-11-vie-et-heritage\/#breadcrumb\",\"itemListElement\":[{\"@type\":\"ListItem\",\"position\":1,\"name\":\"Accueil\",\"item\":\"https:\/\/consolataafrica.org\/fr\/\"},{\"@type\":\"ListItem\",\"position\":2,\"name\":\"Saint Joseph Allamano 11. Vie et h\u00e9ritage\"}]},{\"@type\":\"WebSite\",\"@id\":\"https:\/\/consolataafrica.org\/fr\/#website\",\"url\":\"https:\/\/consolataafrica.org\/fr\/\",\"name\":\"Consolata Africa\",\"description\":\"Consolata Missionaries in the Continent of Africa\",\"potentialAction\":[{\"@type\":\"SearchAction\",\"target\":{\"@type\":\"EntryPoint\",\"urlTemplate\":\"https:\/\/consolataafrica.org\/fr\/?s={search_term_string}\"},\"query-input\":\"required name=search_term_string\"}],\"inLanguage\":\"fr-FR\"},{\"@type\":\"Person\",\"@id\":\"https:\/\/consolataafrica.org\/fr\/#\/schema\/person\/4a24ca8466fa182069d14eba7ca61e4a\",\"name\":\"consaf@adm\",\"sameAs\":[\"https:\/\/consolataafrica.org\/fr\"],\"url\":\"https:\/\/consolataafrica.org\/fr\/author\/consafadm\/\"}]}<\/script>\n<!-- \/ Yoast SEO plugin. -->","yoast_head_json":{"title":"Saint Joseph Allamano 11. Vie et h\u00e9ritage - Consolata Africa","robots":{"index":"index","follow":"follow","max-snippet":"max-snippet:-1","max-image-preview":"max-image-preview:large","max-video-preview":"max-video-preview:-1"},"canonical":"https:\/\/consolataafrica.org\/fr\/saint-joseph-allamano-11-vie-et-heritage\/","og_locale":"fr_FR","og_type":"article","og_title":"Saint Joseph Allamano 11. Vie et h\u00e9ritage - Consolata Africa","og_description":"Dans la onzi\u00e8me vid\u00e9o r\u00e9alis\u00e9e \u00e0 l\u2019occasion du Centenaire de la naissance au ciel de Saint Joseph Allamano pour le mois d\u2019avril 2026, sont retrac\u00e9es les \u00e9tapes d\u00e9cisives de sa vie.","og_url":"https:\/\/consolataafrica.org\/fr\/saint-joseph-allamano-11-vie-et-heritage\/","og_site_name":"Consolata Africa","article_published_time":"2026-04-30T07:16:56+00:00","article_modified_time":"2026-04-30T07:31:25+00:00","og_image":[{"width":1280,"height":720,"url":"https:\/\/consolataafrica.org\/fr\/wp-content\/uploads\/2026\/04\/2d3e3e281964809d30547168a16ced85_XL.jpg","type":"image\/jpeg"}],"author":"consaf@adm","twitter_card":"summary_large_image","twitter_misc":{"\u00c9crit par":"consaf@adm","Dur\u00e9e de lecture estim\u00e9e":"1 minute"},"schema":{"@context":"https:\/\/schema.org","@graph":[{"@type":"WebPage","@id":"https:\/\/consolataafrica.org\/fr\/saint-joseph-allamano-11-vie-et-heritage\/","url":"https:\/\/consolataafrica.org\/fr\/saint-joseph-allamano-11-vie-et-heritage\/","name":"Saint Joseph Allamano 11. Vie et h\u00e9ritage - Consolata Africa","isPartOf":{"@id":"https:\/\/consolataafrica.org\/fr\/#website"},"primaryImageOfPage":{"@id":"https:\/\/consolataafrica.org\/fr\/saint-joseph-allamano-11-vie-et-heritage\/#primaryimage"},"image":{"@id":"https:\/\/consolataafrica.org\/fr\/saint-joseph-allamano-11-vie-et-heritage\/#primaryimage"},"thumbnailUrl":"https:\/\/consolataafrica.org\/fr\/wp-content\/uploads\/2026\/04\/2d3e3e281964809d30547168a16ced85_XL.jpg","datePublished":"2026-04-30T07:16:56+00:00","dateModified":"2026-04-30T07:31:25+00:00","author":{"@id":"https:\/\/consolataafrica.org\/fr\/#\/schema\/person\/4a24ca8466fa182069d14eba7ca61e4a"},"breadcrumb":{"@id":"https:\/\/consolataafrica.org\/fr\/saint-joseph-allamano-11-vie-et-heritage\/#breadcrumb"},"inLanguage":"fr-FR","potentialAction":[{"@type":"ReadAction","target":["https:\/\/consolataafrica.org\/fr\/saint-joseph-allamano-11-vie-et-heritage\/"]}]},{"@type":"ImageObject","inLanguage":"fr-FR","@id":"https:\/\/consolataafrica.org\/fr\/saint-joseph-allamano-11-vie-et-heritage\/#primaryimage","url":"https:\/\/consolataafrica.org\/fr\/wp-content\/uploads\/2026\/04\/2d3e3e281964809d30547168a16ced85_XL.jpg","contentUrl":"https:\/\/consolataafrica.org\/fr\/wp-content\/uploads\/2026\/04\/2d3e3e281964809d30547168a16ced85_XL.jpg","width":1280,"height":720},{"@type":"BreadcrumbList","@id":"https:\/\/consolataafrica.org\/fr\/saint-joseph-allamano-11-vie-et-heritage\/#breadcrumb","itemListElement":[{"@type":"ListItem","position":1,"name":"Accueil","item":"https:\/\/consolataafrica.org\/fr\/"},{"@type":"ListItem","position":2,"name":"Saint Joseph Allamano 11. Vie et h\u00e9ritage"}]},{"@type":"WebSite","@id":"https:\/\/consolataafrica.org\/fr\/#website","url":"https:\/\/consolataafrica.org\/fr\/","name":"Consolata Africa","description":"Consolata Missionaries in the Continent of Africa","potentialAction":[{"@type":"SearchAction","target":{"@type":"EntryPoint","urlTemplate":"https:\/\/consolataafrica.org\/fr\/?s={search_term_string}"},"query-input":"required name=search_term_string"}],"inLanguage":"fr-FR"},{"@type":"Person","@id":"https:\/\/consolataafrica.org\/fr\/#\/schema\/person\/4a24ca8466fa182069d14eba7ca61e4a","name":"consaf@adm","sameAs":["https:\/\/consolataafrica.org\/fr"],"url":"https:\/\/consolataafrica.org\/fr\/author\/consafadm\/"}]}},"_links":{"self":[{"href":"https:\/\/consolataafrica.org\/fr\/wp-json\/wp\/v2\/posts\/2157","targetHints":{"allow":["GET"]}}],"collection":[{"href":"https:\/\/consolataafrica.org\/fr\/wp-json\/wp\/v2\/posts"}],"about":[{"href":"https:\/\/consolataafrica.org\/fr\/wp-json\/wp\/v2\/types\/post"}],"author":[{"embeddable":true,"href":"https:\/\/consolataafrica.org\/fr\/wp-json\/wp\/v2\/users\/1"}],"replies":[{"embeddable":true,"href":"https:\/\/consolataafrica.org\/fr\/wp-json\/wp\/v2\/comments?post=2157"}],"version-history":[{"count":2,"href":"https:\/\/consolataafrica.org\/fr\/wp-json\/wp\/v2\/posts\/2157\/revisions"}],"predecessor-version":[{"id":2160,"href":"https:\/\/consolataafrica.org\/fr\/wp-json\/wp\/v2\/posts\/2157\/revisions\/2160"}],"wp:featuredmedia":[{"embeddable":true,"href":"https:\/\/consolataafrica.org\/fr\/wp-json\/wp\/v2\/media\/2158"}],"wp:attachment":[{"href":"https:\/\/consolataafrica.org\/fr\/wp-json\/wp\/v2\/media?parent=2157"}],"wp:term":[{"taxonomy":"category","embeddable":true,"href":"https:\/\/consolataafrica.org\/fr\/wp-json\/wp\/v2\/categories?post=2157"},{"taxonomy":"post_tag","embeddable":true,"href":"https:\/\/consolataafrica.org\/fr\/wp-json\/wp\/v2\/tags?post=2157"}],"curies":[{"name":"wp","href":"https:\/\/api.w.org\/{rel}","templated":true}]}}