{"id":2146,"date":"2026-04-27T21:42:51","date_gmt":"2026-04-27T19:42:51","guid":{"rendered":"https:\/\/consolataafrica.org\/fr\/?p=2146"},"modified":"2026-04-27T22:41:00","modified_gmt":"2026-04-27T20:41:00","slug":"cote-divoire-et-si-les-femmes-vibraient-dhumanite","status":"publish","type":"post","link":"https:\/\/consolataafrica.org\/fr\/cote-divoire-et-si-les-femmes-vibraient-dhumanite\/","title":{"rendered":"C\u00f4te d\u2019Ivoire: Et si les femmes vibraient d\u2019humanite !"},"content":{"rendered":"\n<figure class=\"wp-block-image size-large\"><img loading=\"lazy\" decoding=\"async\" width=\"1024\" height=\"569\" src=\"https:\/\/consolataafrica.org\/fr\/wp-content\/uploads\/2026\/04\/20260427Costa3-1024x569.jpg\" alt=\"\" class=\"wp-image-2147\" srcset=\"https:\/\/consolataafrica.org\/fr\/wp-content\/uploads\/2026\/04\/20260427Costa3-1024x569.jpg 1024w, https:\/\/consolataafrica.org\/fr\/wp-content\/uploads\/2026\/04\/20260427Costa3-300x167.jpg 300w, https:\/\/consolataafrica.org\/fr\/wp-content\/uploads\/2026\/04\/20260427Costa3-768x426.jpg 768w, https:\/\/consolataafrica.org\/fr\/wp-content\/uploads\/2026\/04\/20260427Costa3.jpg 1230w\" sizes=\"auto, (max-width: 1024px) 100vw, 1024px\" \/><figcaption class=\"wp-element-caption\">Une femme enregistre en audio la formation dans son smartphone. Photos: Ariel Tosoni<\/figcaption><\/figure>\n\n\n\n<blockquote class=\"wp-block-quote is-layout-flow wp-block-quote-is-layout-flow\">\n<p>Du 16 au 19 avril 2026, Dianra Village a vibr\u00e9 au rythme du 19\u00e8me Rassemblement des Femmes Catholiques. Sous le th\u00e8me puissant \u00ab Femmes fortes, nous portons l\u2019humanit\u00e9 ! \u00bb, plus de deux cents de femmes s\u00e9noufo venues de la r\u00e9gion de B\u00e9r\u00e9, en C\u00f4te d\u2019Ivoire, se sont r\u00e9unies pour un temps de pri\u00e8re, de formation et de fraternit\u00e9.<\/p>\n<\/blockquote>\n\n\n\n<p><em><strong>Par Ariel Tosoni *<\/strong><\/em><\/p>\n\n\n\n<p>Organis\u00e9 avec ferveur par les Missionnaires de la Consolata des communaut\u00e9s de Dianra et Marandallah, cet \u00e9v\u00e9nement a \u00e9t\u00e9 une v\u00e9ritable c\u00e9l\u00e9bration de la dignit\u00e9 f\u00e9minine au c\u0153ur de l\u2019\u00c9glise missionnaire africaine.<\/p>\n\n\n\n<figure class=\"wp-block-embed is-type-video is-provider-youtube wp-block-embed-youtube wp-embed-aspect-16-9 wp-has-aspect-ratio\"><div class=\"wp-block-embed__wrapper\">\n<iframe loading=\"lazy\" title=\"Femmes Africaines 2026\" width=\"500\" height=\"281\" src=\"https:\/\/www.youtube.com\/embed\/HChDGbU4_pA?feature=oembed\" frameborder=\"0\" allow=\"accelerometer; autoplay; clipboard-write; encrypted-media; gyroscope; picture-in-picture; web-share\" referrerpolicy=\"strict-origin-when-cross-origin\" allowfullscreen><\/iframe>\n<\/div><\/figure>\n\n\n\n<p>D\u00e8s les premiers instants, l\u2019accueil fraternel a pos\u00e9 les bases d\u2019une communion profonde au f\u00e9minin. Les journ\u00e9es ont altern\u00e9 entre messes \u2013dont une en m\u00e9moire du P\u00e8re Matteo Pettinari\u2013, formations humaines anim\u00e9es par Maman Soro Kady Rosalie, et rencontres spirituelles enrichissantes.<\/p>\n\n\n\n<figure class=\"wp-block-image size-large\"><img loading=\"lazy\" decoding=\"async\" width=\"1024\" height=\"577\" src=\"https:\/\/consolataafrica.org\/fr\/wp-content\/uploads\/2026\/04\/20260427Costa5-1024x577.jpg\" alt=\"\" class=\"wp-image-2148\" srcset=\"https:\/\/consolataafrica.org\/fr\/wp-content\/uploads\/2026\/04\/20260427Costa5-1024x577.jpg 1024w, https:\/\/consolataafrica.org\/fr\/wp-content\/uploads\/2026\/04\/20260427Costa5-300x169.jpg 300w, https:\/\/consolataafrica.org\/fr\/wp-content\/uploads\/2026\/04\/20260427Costa5-768x433.jpg 768w, https:\/\/consolataafrica.org\/fr\/wp-content\/uploads\/2026\/04\/20260427Costa5.jpg 1230w\" sizes=\"auto, (max-width: 1024px) 100vw, 1024px\" \/><figcaption class=\"wp-element-caption\">Maman Soro Kady Rosalie, formatrice de cette \u00e9dition du Rassemblement 2026<\/figcaption><\/figure>\n\n\n\n<p class=\"has-medium-font-size\"><strong>Saint Joseph Allamano au c\u0153ur s\u00e9noufo<\/strong><\/p>\n\n\n\n<p>Au centre de tout: une m\u00e9ditation sur saint Joseph Allamano, un saint d\u2019aujourd\u2019hui qui a consacr\u00e9 sa vie \u00e0 la d\u00e9fense de la dignit\u00e9 de chaque personne, en particulier les plus humbles. Ses enseignements ont rappel\u00e9 aux participantes leur r\u00f4le irrempla\u00e7able: porter l\u2019humanit\u00e9 par leur force int\u00e9rieure, leur tendresse et leur engagement quotidien.<\/p>\n\n\n\n<figure class=\"wp-block-image size-large\"><img loading=\"lazy\" decoding=\"async\" width=\"1024\" height=\"570\" src=\"https:\/\/consolataafrica.org\/fr\/wp-content\/uploads\/2026\/04\/20260427Costa-1024x570.jpg\" alt=\"\" class=\"wp-image-2149\" srcset=\"https:\/\/consolataafrica.org\/fr\/wp-content\/uploads\/2026\/04\/20260427Costa-1024x570.jpg 1024w, https:\/\/consolataafrica.org\/fr\/wp-content\/uploads\/2026\/04\/20260427Costa-300x167.jpg 300w, https:\/\/consolataafrica.org\/fr\/wp-content\/uploads\/2026\/04\/20260427Costa-768x428.jpg 768w, https:\/\/consolataafrica.org\/fr\/wp-content\/uploads\/2026\/04\/20260427Costa.jpg 1230w\" sizes=\"auto, (max-width: 1024px) 100vw, 1024px\" \/><figcaption class=\"wp-element-caption\">D\u00e9fil\u00e9 de femmes dans les rues de Dianra Village<\/figcaption><\/figure>\n\n\n\n<p>Ces moments de partage, d\u2019animations joyeuses, de carrefours d\u2019\u00e9changes, de th\u00e9\u00e2tre th\u00e9matique, de jeux et d\u2019une veill\u00e9e dansante ont fait grandir le sens d\u2019appartenance \u00e0 notre grande famille Consolata sous la guide paternel de Saint Joseph Allamano.<\/p>\n\n\n\n<p>Chacune des femmes a red\u00e9couvert l\u2019importance de son unicit\u00e9 dans le projet de Dieu o\u00f9 chaque femme est appel\u00e9e \u00e0 rayonner la lumi\u00e8re du Christ dans la soci\u00e9t\u00e9 ivoirienne et au-del\u00e0.<\/p>\n\n\n\n<figure class=\"wp-block-image size-large\"><img loading=\"lazy\" decoding=\"async\" width=\"1024\" height=\"576\" src=\"https:\/\/consolataafrica.org\/fr\/wp-content\/uploads\/2026\/04\/20260427Costa4-1024x576.jpg\" alt=\"\" class=\"wp-image-2150\" srcset=\"https:\/\/consolataafrica.org\/fr\/wp-content\/uploads\/2026\/04\/20260427Costa4-1024x576.jpg 1024w, https:\/\/consolataafrica.org\/fr\/wp-content\/uploads\/2026\/04\/20260427Costa4-300x169.jpg 300w, https:\/\/consolataafrica.org\/fr\/wp-content\/uploads\/2026\/04\/20260427Costa4-768x432.jpg 768w, https:\/\/consolataafrica.org\/fr\/wp-content\/uploads\/2026\/04\/20260427Costa4.jpg 1230w\" sizes=\"auto, (max-width: 1024px) 100vw, 1024px\" \/><figcaption class=\"wp-element-caption\">Danse de cl\u00f4ture \u00e0 la porte de l\u2019\u00e9glise Saint Joseph Mukasa Dianra Village<\/figcaption><\/figure>\n\n\n\n<p>Le rassemblement s\u2019est cl\u00f4tur\u00e9 par un d\u00e9fil\u00e9 vibrant en ville et une messe solennelle, scellant des c\u0153urs transform\u00e9s et pr\u00eats \u00e0 t\u00e9moigner.<\/p>\n\n\n\n<p>Pour d\u00e9couvrir comment les femmes vibrent d\u2019humanit\u00e9, rejoignez la vid\u00e9o \u201cFemmes Africaines 2026\u201d sur la <a href=\"https:\/\/www.youtube.com\/@consolataivoire\" target=\"_blank\" rel=\"noreferrer noopener\">cha\u00eene YouTube Consolata Ivoire<\/a>.<\/p>\n\n\n\n<figure class=\"wp-block-image size-large\"><img loading=\"lazy\" decoding=\"async\" width=\"1024\" height=\"683\" src=\"https:\/\/consolataafrica.org\/fr\/wp-content\/uploads\/2026\/04\/20260427Costa2-1024x683.jpg\" alt=\"\" class=\"wp-image-2152\" srcset=\"https:\/\/consolataafrica.org\/fr\/wp-content\/uploads\/2026\/04\/20260427Costa2-1024x683.jpg 1024w, https:\/\/consolataafrica.org\/fr\/wp-content\/uploads\/2026\/04\/20260427Costa2-300x200.jpg 300w, https:\/\/consolataafrica.org\/fr\/wp-content\/uploads\/2026\/04\/20260427Costa2-768x512.jpg 768w, https:\/\/consolataafrica.org\/fr\/wp-content\/uploads\/2026\/04\/20260427Costa2.jpg 1230w\" sizes=\"auto, (max-width: 1024px) 100vw, 1024px\" \/><\/figure>\n\n\n\n<p>Abonnez\u2011vous et activez la cloche pour ne rien manquer de l\u2019annonce qui se fait consolation au c\u0153ur de l\u2019Afrique !<\/p>\n\n\n\n<p class=\"fonte\"><em>* P\u00e8re Ariel Tosoni, IMC, missionaire en C\u00f4te d\u2019Ivoire.<\/em><\/p>\n\n\n\n<figure class=\"wp-block-image size-large\"><img loading=\"lazy\" decoding=\"async\" width=\"1024\" height=\"564\" src=\"https:\/\/consolataafrica.org\/fr\/wp-content\/uploads\/2026\/04\/20260427Costa1-1024x564.jpg\" alt=\"\" class=\"wp-image-2151\" srcset=\"https:\/\/consolataafrica.org\/fr\/wp-content\/uploads\/2026\/04\/20260427Costa1-1024x564.jpg 1024w, https:\/\/consolataafrica.org\/fr\/wp-content\/uploads\/2026\/04\/20260427Costa1-300x165.jpg 300w, https:\/\/consolataafrica.org\/fr\/wp-content\/uploads\/2026\/04\/20260427Costa1-768x423.jpg 768w, https:\/\/consolataafrica.org\/fr\/wp-content\/uploads\/2026\/04\/20260427Costa1.jpg 1230w\" sizes=\"auto, (max-width: 1024px) 100vw, 1024px\" \/><figcaption class=\"wp-element-caption\">Femmes de Dianra Villages<\/figcaption><\/figure>\n","protected":false},"excerpt":{"rendered":"<p>Du 16 au 19 avril 2026, Dianra Village a vibr\u00e9 au rythme du 19\u00e8me Rassemblement des Femmes Catholiques. Sous le th\u00e8me puissant \u00ab Femmes fortes, nous portons l\u2019humanit\u00e9 ! \u00bb, plus de deux cents de femmes s\u00e9noufo venues de la r\u00e9gion de B\u00e9r\u00e9, en C\u00f4te d\u2019Ivoire, se sont r\u00e9unies pour un temps de pri\u00e8re, de formation et de fraternit\u00e9.<\/p>\n","protected":false},"author":1,"featured_media":2147,"comment_status":"closed","ping_status":"closed","sticky":false,"template":"","format":"video","meta":{"footnotes":""},"categories":[3,66,69,123,67,4],"tags":[10,17,18,22],"class_list":["post-2146","post","type-post","status-publish","format-video","has-post-thumbnail","hentry","category-a-la-une","category-education","category-formation","category-justice-et-paix","category-mission","category-nouvelles","tag-cote-divoire","tag-dianra-village","tag-femmes","tag-missionnaires-de-la-consolata","post_format-post-format-video"],"yoast_head":"<!-- This site is optimized with the Yoast SEO plugin v22.5 - https:\/\/yoast.com\/wordpress\/plugins\/seo\/ -->\n<title>C\u00f4te d\u2019Ivoire: Et si les femmes vibraient d\u2019humanite ! - Consolata Africa<\/title>\n<meta name=\"robots\" content=\"index, follow, max-snippet:-1, max-image-preview:large, max-video-preview:-1\" \/>\n<link rel=\"canonical\" href=\"https:\/\/consolataafrica.org\/fr\/cote-divoire-et-si-les-femmes-vibraient-dhumanite\/\" \/>\n<meta property=\"og:locale\" content=\"fr_FR\" \/>\n<meta property=\"og:type\" content=\"article\" \/>\n<meta property=\"og:title\" content=\"C\u00f4te d\u2019Ivoire: Et si les femmes vibraient d\u2019humanite ! - Consolata Africa\" \/>\n<meta property=\"og:description\" content=\"Du 16 au 19 avril 2026, Dianra Village a vibr\u00e9 au rythme du 19\u00e8me Rassemblement des Femmes Catholiques. Sous le th\u00e8me puissant \u00ab Femmes fortes, nous portons l\u2019humanit\u00e9 ! \u00bb, plus de deux cents de femmes s\u00e9noufo venues de la r\u00e9gion de B\u00e9r\u00e9, en C\u00f4te d\u2019Ivoire, se sont r\u00e9unies pour un temps de pri\u00e8re, de formation et de fraternit\u00e9.\" \/>\n<meta property=\"og:url\" content=\"https:\/\/consolataafrica.org\/fr\/cote-divoire-et-si-les-femmes-vibraient-dhumanite\/\" \/>\n<meta property=\"og:site_name\" content=\"Consolata Africa\" \/>\n<meta property=\"article:published_time\" content=\"2026-04-27T19:42:51+00:00\" \/>\n<meta property=\"article:modified_time\" content=\"2026-04-27T20:41:00+00:00\" \/>\n<meta property=\"og:image\" content=\"https:\/\/consolataafrica.org\/fr\/wp-content\/uploads\/2026\/04\/20260427Costa3.jpg\" \/>\n\t<meta property=\"og:image:width\" content=\"1230\" \/>\n\t<meta property=\"og:image:height\" content=\"683\" \/>\n\t<meta property=\"og:image:type\" content=\"image\/jpeg\" \/>\n<meta name=\"author\" content=\"consaf@adm\" \/>\n<meta name=\"twitter:card\" content=\"summary_large_image\" \/>\n<meta name=\"twitter:label1\" content=\"\u00c9crit par\" \/>\n\t<meta name=\"twitter:data1\" content=\"consaf@adm\" \/>\n\t<meta name=\"twitter:label2\" content=\"Dur\u00e9e de lecture estim\u00e9e\" \/>\n\t<meta name=\"twitter:data2\" content=\"4 minutes\" \/>\n<script type=\"application\/ld+json\" class=\"yoast-schema-graph\">{\"@context\":\"https:\/\/schema.org\",\"@graph\":[{\"@type\":\"WebPage\",\"@id\":\"https:\/\/consolataafrica.org\/fr\/cote-divoire-et-si-les-femmes-vibraient-dhumanite\/\",\"url\":\"https:\/\/consolataafrica.org\/fr\/cote-divoire-et-si-les-femmes-vibraient-dhumanite\/\",\"name\":\"C\u00f4te d\u2019Ivoire: Et si les femmes vibraient d\u2019humanite ! - Consolata Africa\",\"isPartOf\":{\"@id\":\"https:\/\/consolataafrica.org\/fr\/#website\"},\"primaryImageOfPage\":{\"@id\":\"https:\/\/consolataafrica.org\/fr\/cote-divoire-et-si-les-femmes-vibraient-dhumanite\/#primaryimage\"},\"image\":{\"@id\":\"https:\/\/consolataafrica.org\/fr\/cote-divoire-et-si-les-femmes-vibraient-dhumanite\/#primaryimage\"},\"thumbnailUrl\":\"https:\/\/consolataafrica.org\/fr\/wp-content\/uploads\/2026\/04\/20260427Costa3.jpg\",\"datePublished\":\"2026-04-27T19:42:51+00:00\",\"dateModified\":\"2026-04-27T20:41:00+00:00\",\"author\":{\"@id\":\"https:\/\/consolataafrica.org\/fr\/#\/schema\/person\/4a24ca8466fa182069d14eba7ca61e4a\"},\"breadcrumb\":{\"@id\":\"https:\/\/consolataafrica.org\/fr\/cote-divoire-et-si-les-femmes-vibraient-dhumanite\/#breadcrumb\"},\"inLanguage\":\"fr-FR\",\"potentialAction\":[{\"@type\":\"ReadAction\",\"target\":[\"https:\/\/consolataafrica.org\/fr\/cote-divoire-et-si-les-femmes-vibraient-dhumanite\/\"]}]},{\"@type\":\"ImageObject\",\"inLanguage\":\"fr-FR\",\"@id\":\"https:\/\/consolataafrica.org\/fr\/cote-divoire-et-si-les-femmes-vibraient-dhumanite\/#primaryimage\",\"url\":\"https:\/\/consolataafrica.org\/fr\/wp-content\/uploads\/2026\/04\/20260427Costa3.jpg\",\"contentUrl\":\"https:\/\/consolataafrica.org\/fr\/wp-content\/uploads\/2026\/04\/20260427Costa3.jpg\",\"width\":1230,\"height\":683},{\"@type\":\"BreadcrumbList\",\"@id\":\"https:\/\/consolataafrica.org\/fr\/cote-divoire-et-si-les-femmes-vibraient-dhumanite\/#breadcrumb\",\"itemListElement\":[{\"@type\":\"ListItem\",\"position\":1,\"name\":\"Accueil\",\"item\":\"https:\/\/consolataafrica.org\/fr\/\"},{\"@type\":\"ListItem\",\"position\":2,\"name\":\"C\u00f4te d\u2019Ivoire: Et si les femmes vibraient d\u2019humanite !\"}]},{\"@type\":\"WebSite\",\"@id\":\"https:\/\/consolataafrica.org\/fr\/#website\",\"url\":\"https:\/\/consolataafrica.org\/fr\/\",\"name\":\"Consolata Africa\",\"description\":\"Consolata Missionaries in the Continent of Africa\",\"potentialAction\":[{\"@type\":\"SearchAction\",\"target\":{\"@type\":\"EntryPoint\",\"urlTemplate\":\"https:\/\/consolataafrica.org\/fr\/?s={search_term_string}\"},\"query-input\":\"required name=search_term_string\"}],\"inLanguage\":\"fr-FR\"},{\"@type\":\"Person\",\"@id\":\"https:\/\/consolataafrica.org\/fr\/#\/schema\/person\/4a24ca8466fa182069d14eba7ca61e4a\",\"name\":\"consaf@adm\",\"sameAs\":[\"https:\/\/consolataafrica.org\/fr\"],\"url\":\"https:\/\/consolataafrica.org\/fr\/author\/consafadm\/\"}]}<\/script>\n<!-- \/ Yoast SEO plugin. -->","yoast_head_json":{"title":"C\u00f4te d\u2019Ivoire: Et si les femmes vibraient d\u2019humanite ! - Consolata Africa","robots":{"index":"index","follow":"follow","max-snippet":"max-snippet:-1","max-image-preview":"max-image-preview:large","max-video-preview":"max-video-preview:-1"},"canonical":"https:\/\/consolataafrica.org\/fr\/cote-divoire-et-si-les-femmes-vibraient-dhumanite\/","og_locale":"fr_FR","og_type":"article","og_title":"C\u00f4te d\u2019Ivoire: Et si les femmes vibraient d\u2019humanite ! - Consolata Africa","og_description":"Du 16 au 19 avril 2026, Dianra Village a vibr\u00e9 au rythme du 19\u00e8me Rassemblement des Femmes Catholiques. Sous le th\u00e8me puissant \u00ab Femmes fortes, nous portons l\u2019humanit\u00e9 ! \u00bb, plus de deux cents de femmes s\u00e9noufo venues de la r\u00e9gion de B\u00e9r\u00e9, en C\u00f4te d\u2019Ivoire, se sont r\u00e9unies pour un temps de pri\u00e8re, de formation et de fraternit\u00e9.","og_url":"https:\/\/consolataafrica.org\/fr\/cote-divoire-et-si-les-femmes-vibraient-dhumanite\/","og_site_name":"Consolata Africa","article_published_time":"2026-04-27T19:42:51+00:00","article_modified_time":"2026-04-27T20:41:00+00:00","og_image":[{"width":1230,"height":683,"url":"https:\/\/consolataafrica.org\/fr\/wp-content\/uploads\/2026\/04\/20260427Costa3.jpg","type":"image\/jpeg"}],"author":"consaf@adm","twitter_card":"summary_large_image","twitter_misc":{"\u00c9crit par":"consaf@adm","Dur\u00e9e de lecture estim\u00e9e":"4 minutes"},"schema":{"@context":"https:\/\/schema.org","@graph":[{"@type":"WebPage","@id":"https:\/\/consolataafrica.org\/fr\/cote-divoire-et-si-les-femmes-vibraient-dhumanite\/","url":"https:\/\/consolataafrica.org\/fr\/cote-divoire-et-si-les-femmes-vibraient-dhumanite\/","name":"C\u00f4te d\u2019Ivoire: Et si les femmes vibraient d\u2019humanite ! - Consolata Africa","isPartOf":{"@id":"https:\/\/consolataafrica.org\/fr\/#website"},"primaryImageOfPage":{"@id":"https:\/\/consolataafrica.org\/fr\/cote-divoire-et-si-les-femmes-vibraient-dhumanite\/#primaryimage"},"image":{"@id":"https:\/\/consolataafrica.org\/fr\/cote-divoire-et-si-les-femmes-vibraient-dhumanite\/#primaryimage"},"thumbnailUrl":"https:\/\/consolataafrica.org\/fr\/wp-content\/uploads\/2026\/04\/20260427Costa3.jpg","datePublished":"2026-04-27T19:42:51+00:00","dateModified":"2026-04-27T20:41:00+00:00","author":{"@id":"https:\/\/consolataafrica.org\/fr\/#\/schema\/person\/4a24ca8466fa182069d14eba7ca61e4a"},"breadcrumb":{"@id":"https:\/\/consolataafrica.org\/fr\/cote-divoire-et-si-les-femmes-vibraient-dhumanite\/#breadcrumb"},"inLanguage":"fr-FR","potentialAction":[{"@type":"ReadAction","target":["https:\/\/consolataafrica.org\/fr\/cote-divoire-et-si-les-femmes-vibraient-dhumanite\/"]}]},{"@type":"ImageObject","inLanguage":"fr-FR","@id":"https:\/\/consolataafrica.org\/fr\/cote-divoire-et-si-les-femmes-vibraient-dhumanite\/#primaryimage","url":"https:\/\/consolataafrica.org\/fr\/wp-content\/uploads\/2026\/04\/20260427Costa3.jpg","contentUrl":"https:\/\/consolataafrica.org\/fr\/wp-content\/uploads\/2026\/04\/20260427Costa3.jpg","width":1230,"height":683},{"@type":"BreadcrumbList","@id":"https:\/\/consolataafrica.org\/fr\/cote-divoire-et-si-les-femmes-vibraient-dhumanite\/#breadcrumb","itemListElement":[{"@type":"ListItem","position":1,"name":"Accueil","item":"https:\/\/consolataafrica.org\/fr\/"},{"@type":"ListItem","position":2,"name":"C\u00f4te d\u2019Ivoire: Et si les femmes vibraient d\u2019humanite !"}]},{"@type":"WebSite","@id":"https:\/\/consolataafrica.org\/fr\/#website","url":"https:\/\/consolataafrica.org\/fr\/","name":"Consolata Africa","description":"Consolata Missionaries in the Continent of Africa","potentialAction":[{"@type":"SearchAction","target":{"@type":"EntryPoint","urlTemplate":"https:\/\/consolataafrica.org\/fr\/?s={search_term_string}"},"query-input":"required name=search_term_string"}],"inLanguage":"fr-FR"},{"@type":"Person","@id":"https:\/\/consolataafrica.org\/fr\/#\/schema\/person\/4a24ca8466fa182069d14eba7ca61e4a","name":"consaf@adm","sameAs":["https:\/\/consolataafrica.org\/fr"],"url":"https:\/\/consolataafrica.org\/fr\/author\/consafadm\/"}]}},"_links":{"self":[{"href":"https:\/\/consolataafrica.org\/fr\/wp-json\/wp\/v2\/posts\/2146","targetHints":{"allow":["GET"]}}],"collection":[{"href":"https:\/\/consolataafrica.org\/fr\/wp-json\/wp\/v2\/posts"}],"about":[{"href":"https:\/\/consolataafrica.org\/fr\/wp-json\/wp\/v2\/types\/post"}],"author":[{"embeddable":true,"href":"https:\/\/consolataafrica.org\/fr\/wp-json\/wp\/v2\/users\/1"}],"replies":[{"embeddable":true,"href":"https:\/\/consolataafrica.org\/fr\/wp-json\/wp\/v2\/comments?post=2146"}],"version-history":[{"count":1,"href":"https:\/\/consolataafrica.org\/fr\/wp-json\/wp\/v2\/posts\/2146\/revisions"}],"predecessor-version":[{"id":2153,"href":"https:\/\/consolataafrica.org\/fr\/wp-json\/wp\/v2\/posts\/2146\/revisions\/2153"}],"wp:featuredmedia":[{"embeddable":true,"href":"https:\/\/consolataafrica.org\/fr\/wp-json\/wp\/v2\/media\/2147"}],"wp:attachment":[{"href":"https:\/\/consolataafrica.org\/fr\/wp-json\/wp\/v2\/media?parent=2146"}],"wp:term":[{"taxonomy":"category","embeddable":true,"href":"https:\/\/consolataafrica.org\/fr\/wp-json\/wp\/v2\/categories?post=2146"},{"taxonomy":"post_tag","embeddable":true,"href":"https:\/\/consolataafrica.org\/fr\/wp-json\/wp\/v2\/tags?post=2146"}],"curies":[{"name":"wp","href":"https:\/\/api.w.org\/{rel}","templated":true}]}}