{"id":2037,"date":"2026-02-20T17:35:22","date_gmt":"2026-02-20T16:35:22","guid":{"rendered":"https:\/\/consolataafrica.org\/fr\/?p=2037"},"modified":"2026-03-17T11:13:13","modified_gmt":"2026-03-17T10:13:13","slug":"cote-divoire-un-centenaire-proliferant","status":"publish","type":"post","link":"https:\/\/consolataafrica.org\/fr\/cote-divoire-un-centenaire-proliferant\/","title":{"rendered":"C\u00f4te d\u2019Ivoire : Un centenaire prolif\u00e9rant"},"content":{"rendered":"\n<figure class=\"wp-block-image size-large\"><img loading=\"lazy\" decoding=\"async\" width=\"1024\" height=\"576\" src=\"https:\/\/consolataafrica.org\/fr\/wp-content\/uploads\/2026\/02\/20260220Costa4-1024x576.jpg\" alt=\"\" class=\"wp-image-2038\" srcset=\"https:\/\/consolataafrica.org\/fr\/wp-content\/uploads\/2026\/02\/20260220Costa4-1024x576.jpg 1024w, https:\/\/consolataafrica.org\/fr\/wp-content\/uploads\/2026\/02\/20260220Costa4-300x169.jpg 300w, https:\/\/consolataafrica.org\/fr\/wp-content\/uploads\/2026\/02\/20260220Costa4-768x432.jpg 768w, https:\/\/consolataafrica.org\/fr\/wp-content\/uploads\/2026\/02\/20260220Costa4.jpg 1230w\" sizes=\"auto, (max-width: 1024px) 100vw, 1024px\" \/><figcaption class=\"wp-element-caption\">Groupe de missionnaires de la Consolata en C\u00f4te d&rsquo;Ivoire. Photos: IMC C\u00f4te d&rsquo;Ivoire<\/figcaption><\/figure>\n\n\n\n<blockquote class=\"wp-block-quote is-layout-flow wp-block-quote-is-layout-flow\">\n<p>Pour l\u2019Institut des Missions Consolata, l\u2019ann\u00e9e 2026 est sp\u00e9ciale car le Fondateur de cette famille missionnaire, saint Joseph Allamano, atteint les 100 ans depuis son entr\u00e9e au ciel le 16 f\u00e9vrier 1926.<\/p>\n<\/blockquote>\n\n\n\n<p><strong><em>Par Lucien Kana Sakimato *<\/em><\/strong><\/p>\n\n\n\n<p>C\u2019est une grande joie pour les missionnaires de la Consolata et pour les p\u00e9riph\u00e9ries du monde, parce qu\u2019avant m\u00eame que la Sainte \u00c9glise ne le proclame Saint, G. Allamano avait d\u00e9j\u00e0 promis : \u00ab \u2026 J\u2019esp\u00e8re, en mourant, devenir votre protecteur au Ciel \u00bb (Cosi vi voglio, p. 16).<\/p>\n\n\n\n<p>Il faut souligner que en C\u00f4te d\u2019Ivoire, le centenaire d\u2019Allamano est prolif\u00e9rant pr\u00e9cis\u00e9ment parce que son esprit s\u2019est germ\u00e9 et a fleuri, et les fils d\u2019Allamano c\u00e9l\u00e8brent le trenti\u00e8me anniversaire de leur pr\u00e9sence et de leur mission sur la terre ivoirienne.<\/p>\n\n\n\n<figure class=\"wp-block-image size-large\"><img loading=\"lazy\" decoding=\"async\" width=\"1024\" height=\"568\" src=\"https:\/\/consolataafrica.org\/fr\/wp-content\/uploads\/2026\/02\/20260220Costa-1024x568.jpg\" alt=\"\" class=\"wp-image-2041\" srcset=\"https:\/\/consolataafrica.org\/fr\/wp-content\/uploads\/2026\/02\/20260220Costa-1024x568.jpg 1024w, https:\/\/consolataafrica.org\/fr\/wp-content\/uploads\/2026\/02\/20260220Costa-300x166.jpg 300w, https:\/\/consolataafrica.org\/fr\/wp-content\/uploads\/2026\/02\/20260220Costa-768x426.jpg 768w, https:\/\/consolataafrica.org\/fr\/wp-content\/uploads\/2026\/02\/20260220Costa.jpg 1230w\" sizes=\"auto, (max-width: 1024px) 100vw, 1024px\" \/><\/figure>\n\n\n\n<p>Ces \u00e9v\u00e9nements trouvent leur couronnement festif dans la cons\u00e9cration d\u00e9finitive et le diaconat de Frederic Swai (tanzanien). Apr\u00e8s 100 ans, le charisme de notre fondateur continue d\u2019inspirer l\u2019enthousiasme missionnaire des jeunes. Ces deux c\u00e9l\u00e9brations (v\u0153ux perp\u00e9tuels et diaconat) ont lieu le 13 f\u00e9vrier pour la premi\u00e8re et le 14 f\u00e9vrier 2026 pour la seconde.<\/p>\n\n\n\n<p>P\u00e8re Stefano Camerlengo, Sup\u00e9rieur D\u00e9l\u00e9gu\u00e9 qui a re\u00e7u les v\u0153ux perp\u00e9tuels de Frederic Swai, a soulign\u00e9 dans son hom\u00e9lie le vrai sens de la donation pour la mission, en rappelant les caract\u00e9ristiques des missionnaires de la Consolata : la centralit\u00e9 de l\u2019Eucharistie, la d\u00e9votion \u00e0 la Consolata, l\u2019amour pour l\u2019\u00c9glise, pour la liturgie et pour le travail.<\/p>\n\n\n\n<figure class=\"wp-block-image size-large\"><img loading=\"lazy\" decoding=\"async\" width=\"1024\" height=\"506\" src=\"https:\/\/consolataafrica.org\/fr\/wp-content\/uploads\/2026\/02\/20260220Costa5-1024x506.jpg\" alt=\"\" class=\"wp-image-2042\" srcset=\"https:\/\/consolataafrica.org\/fr\/wp-content\/uploads\/2026\/02\/20260220Costa5-1024x506.jpg 1024w, https:\/\/consolataafrica.org\/fr\/wp-content\/uploads\/2026\/02\/20260220Costa5-300x148.jpg 300w, https:\/\/consolataafrica.org\/fr\/wp-content\/uploads\/2026\/02\/20260220Costa5-768x380.jpg 768w, https:\/\/consolataafrica.org\/fr\/wp-content\/uploads\/2026\/02\/20260220Costa5.jpg 1230w\" sizes=\"auto, (max-width: 1024px) 100vw, 1024px\" \/><figcaption class=\"wp-element-caption\">L&rsquo;Assembl\u00e9e de la d\u00e9l\u00e9gation<\/figcaption><\/figure>\n\n\n\n<p>L\u2019\u00e9v\u00eaque Alain Cl\u00e9ment Amiezi du dioc\u00e8se d\u2019Odienn\u00e9, en parlant de la mission du diacre \u2013 qui est le service de la Parole, de la liturgie et de la charit\u00e9 \u2013, a insist\u00e9 sur l\u2019agir en communion avec l\u2019\u00e9v\u00eaque, en assistant le pr\u00eatre, en proclamant l\u2019\u00c9vangile, en administrant bapt\u00eames et mariages, et en \u0153uvrant pour les pauvres &#8230; Il a conclu sa pr\u00e9dication en plaisantant que notre diacre ne vivra pas dans le ch\u00f4mage, car en apprenant de Christ, il aura beaucoup \u00e0 faire.<\/p>\n\n\n\n<p>La paroisse de Dianra, qui accueille ces \u00e9v\u00e9nements, a certainement d\u00e9bord\u00e9 de joie et de gr\u00e2ce. Parce que depuis que les Missionnaires de la Consolata travaillent en C\u00f4te d\u2019Ivoire, on n\u2019avait jamais organis\u00e9 une assembl\u00e9e g\u00e9n\u00e9rale de la d\u00e9l\u00e9gation \u00e0 Dianra, seulement \u00e0 San Pedro qui est le si\u00e8ge de la d\u00e9l\u00e9gation ; de plus, la c\u00e9l\u00e9bration des ordinations aux ordres sacr\u00e9s est assez rare.<\/p>\n\n\n\n<figure class=\"wp-block-image size-large\"><img loading=\"lazy\" decoding=\"async\" width=\"1024\" height=\"492\" src=\"https:\/\/consolataafrica.org\/fr\/wp-content\/uploads\/2026\/02\/20260220Cista1-1024x492.jpg\" alt=\"\" class=\"wp-image-2044\" srcset=\"https:\/\/consolataafrica.org\/fr\/wp-content\/uploads\/2026\/02\/20260220Cista1-1024x492.jpg 1024w, https:\/\/consolataafrica.org\/fr\/wp-content\/uploads\/2026\/02\/20260220Cista1-300x144.jpg 300w, https:\/\/consolataafrica.org\/fr\/wp-content\/uploads\/2026\/02\/20260220Cista1-768x369.jpg 768w, https:\/\/consolataafrica.org\/fr\/wp-content\/uploads\/2026\/02\/20260220Cista1.jpg 1357w\" sizes=\"auto, (max-width: 1024px) 100vw, 1024px\" \/><figcaption class=\"wp-element-caption\">La visite du sous-pr\u00e9fet<\/figcaption><\/figure>\n\n\n\n<p>P\u00e8re Alexander Ashivaka Likono, cur\u00e9 de Saint Paul de Dianra, est tr\u00e8s reconnaissant, car de tels \u00e9v\u00e9nements ont une importance particuli\u00e8re pour l\u2019animation missionnaire et vocationnelle de la paroisse.<\/p>\n\n\n\n<p>La pr\u00e9sence de l\u2019Ambassadeur du Kenya en C\u00f4te d\u2019Ivoire est un vrai symbole de la coop\u00e9ration entre les peuples et de la promotion de la paix. On s\u2019est encore senti \u00e9troitement li\u00e9s par la fraternit\u00e9 du dioc\u00e8se de Senigallia, en se voyant accueillis et assist\u00e9s par Mme Carla Paccoia et la docteure Barbara. Cette fraternit\u00e9 est n\u00e9e gr\u00e2ce \u00e0 p\u00e8re Matteo Pettinari, qui a port\u00e9 la Consolata au c\u0153ur de son dioc\u00e8se d\u2019origine et le dioc\u00e8se au c\u0153ur de la C\u00f4te d\u2019Ivoire.<\/p>\n\n\n\n<figure class=\"wp-block-image size-large\"><img loading=\"lazy\" decoding=\"async\" width=\"1024\" height=\"490\" src=\"https:\/\/consolataafrica.org\/fr\/wp-content\/uploads\/2026\/02\/20260220Costa3-1024x490.jpg\" alt=\"\" class=\"wp-image-2043\" srcset=\"https:\/\/consolataafrica.org\/fr\/wp-content\/uploads\/2026\/02\/20260220Costa3-1024x490.jpg 1024w, https:\/\/consolataafrica.org\/fr\/wp-content\/uploads\/2026\/02\/20260220Costa3-300x143.jpg 300w, https:\/\/consolataafrica.org\/fr\/wp-content\/uploads\/2026\/02\/20260220Costa3-768x367.jpg 768w, https:\/\/consolataafrica.org\/fr\/wp-content\/uploads\/2026\/02\/20260220Costa3.jpg 1217w\" sizes=\"auto, (max-width: 1024px) 100vw, 1024px\" \/><figcaption class=\"wp-element-caption\">L&rsquo;ambassadeur du Kenya aupr\u00e8s des autorit\u00e9s civiles de Dianra<\/figcaption><\/figure>\n\n\n\n<p>De plus, la participation active de la communaut\u00e9 chr\u00e9tienne de Dianra, \u00e0 commencer par le Gouverneur (le pr\u00e9fet et le sous-pr\u00e9fet), sans oublier la pr\u00e9sence des imams musulmans et d\u2019autres confessions religieuses, d\u00e9montre l\u2019accueil et l\u2019appr\u00e9ciation de notre donation pour l\u2019\u00c9vangile et la promotion du dialogue interreligieux, qui est l\u2019un des poumons de notre ad gentes en C\u00f4te d\u2019Ivoire.<\/p>\n\n\n\n<p>Ce qui touche le plus profond\u00e9ment le c\u0153ur, c\u2019est la d\u00e9dication, la collaboration et le sacrifice des fid\u00e8les de Dianra qui, dans leur modeste condition \u2013 pour ne pas dire leur pauvret\u00e9 \u2013, ont tout fait pour que r\u00e9ussissent \u00e0 la fois l\u2019assembl\u00e9e des missionnaires de la Consolata, les v\u0153ux perp\u00e9tuels et l\u2019ordination diaconale de Frederic Swai. On peut dire que c\u2019est un beau retour sur notre pr\u00e9sence, et cela constitue une grande motivation pour continuer \u00e0 nous donner toujours plus.<\/p>\n\n\n\n<p>Notre \u00ab oui \u00bb est d\u00e9finitif et doit l\u2019\u00eatre chaque jour pour la mission, surtout en cette terre o\u00f9 de nombreux missionnaires ont su se donner comme l\u2019a fait p\u00e8re Matteo Pettinari, en donnant sa jeune vie et en restant pour toujours en C\u00f4te d\u2019Ivoire o\u00f9 il est enterr\u00e9.<\/p>\n\n\n\n<p>Sa donation devra inciter tous les autres \u00e0 ne pas se m\u00e9nager mais \u00e0 se donner totalement. L\u2019Allamano que nous c\u00e9l\u00e9brons sera certainement heureux de nous voir \u00ab aimer toujours, aimer les premiers et aimer m\u00eame quand cela fait mal \u00bb (cf. Matteo Pettinari).<\/p>\n\n\n\n<p class=\"fonte\">* <em>P\u00e8re Lucien Kana <em><em>Sakimato<\/em><\/em>, IMC, missionnaire \u00e0 Sago, C\u00f4te d\u2019Ivoire.<\/em><\/p>\n","protected":false},"excerpt":{"rendered":"<p>Pour l\u2019Institut des Missions Consolata, l\u2019ann\u00e9e 2026 est sp\u00e9ciale car le Fondateur de cette famille missionnaire, saint Joseph Allamano, atteint les 100 ans depuis son entr\u00e9e au ciel le 16 f\u00e9vrier 1926.<\/p>\n","protected":false},"author":1,"featured_media":2038,"comment_status":"closed","ping_status":"closed","sticky":false,"template":"","format":"standard","meta":{"footnotes":""},"categories":[3,6,186,67,4,68,71],"tags":[215,10,22,119],"class_list":["post-2037","post","type-post","status-publish","format-standard","has-post-thumbnail","hentry","category-a-la-une","category-a-la-une-nouvelles","category-fondateur","category-mission","category-nouvelles","category-spiritualite","category-vocation","tag-centenaire-dallamano","tag-cote-divoire","tag-missionnaires-de-la-consolata","tag-saint-joseph-allamano"],"yoast_head":"<!-- This site is optimized with the Yoast SEO plugin v22.5 - https:\/\/yoast.com\/wordpress\/plugins\/seo\/ -->\n<title>C\u00f4te d\u2019Ivoire : Un centenaire prolif\u00e9rant - Consolata Africa<\/title>\n<meta name=\"robots\" content=\"index, follow, max-snippet:-1, max-image-preview:large, max-video-preview:-1\" \/>\n<link rel=\"canonical\" href=\"https:\/\/consolataafrica.org\/fr\/cote-divoire-un-centenaire-proliferant\/\" \/>\n<meta property=\"og:locale\" content=\"fr_FR\" \/>\n<meta property=\"og:type\" content=\"article\" \/>\n<meta property=\"og:title\" content=\"C\u00f4te d\u2019Ivoire : Un centenaire prolif\u00e9rant - Consolata Africa\" \/>\n<meta property=\"og:description\" content=\"Pour l\u2019Institut des Missions Consolata, l\u2019ann\u00e9e 2026 est sp\u00e9ciale car le Fondateur de cette famille missionnaire, saint Joseph Allamano, atteint les 100 ans depuis son entr\u00e9e au ciel le 16 f\u00e9vrier 1926.\" \/>\n<meta property=\"og:url\" content=\"https:\/\/consolataafrica.org\/fr\/cote-divoire-un-centenaire-proliferant\/\" \/>\n<meta property=\"og:site_name\" content=\"Consolata Africa\" \/>\n<meta property=\"article:published_time\" content=\"2026-02-20T16:35:22+00:00\" \/>\n<meta property=\"article:modified_time\" content=\"2026-03-17T10:13:13+00:00\" \/>\n<meta property=\"og:image\" content=\"https:\/\/consolataafrica.org\/fr\/wp-content\/uploads\/2026\/02\/20260220Costa4.jpg\" \/>\n\t<meta property=\"og:image:width\" content=\"1230\" \/>\n\t<meta property=\"og:image:height\" content=\"692\" \/>\n\t<meta property=\"og:image:type\" content=\"image\/jpeg\" \/>\n<meta name=\"author\" content=\"consaf@adm\" \/>\n<meta name=\"twitter:card\" content=\"summary_large_image\" \/>\n<meta name=\"twitter:label1\" content=\"\u00c9crit par\" \/>\n\t<meta name=\"twitter:data1\" content=\"consaf@adm\" \/>\n\t<meta name=\"twitter:label2\" content=\"Dur\u00e9e de lecture estim\u00e9e\" \/>\n\t<meta name=\"twitter:data2\" content=\"5 minutes\" \/>\n<script type=\"application\/ld+json\" class=\"yoast-schema-graph\">{\"@context\":\"https:\/\/schema.org\",\"@graph\":[{\"@type\":\"WebPage\",\"@id\":\"https:\/\/consolataafrica.org\/fr\/cote-divoire-un-centenaire-proliferant\/\",\"url\":\"https:\/\/consolataafrica.org\/fr\/cote-divoire-un-centenaire-proliferant\/\",\"name\":\"C\u00f4te d\u2019Ivoire : Un centenaire prolif\u00e9rant - Consolata Africa\",\"isPartOf\":{\"@id\":\"https:\/\/consolataafrica.org\/fr\/#website\"},\"primaryImageOfPage\":{\"@id\":\"https:\/\/consolataafrica.org\/fr\/cote-divoire-un-centenaire-proliferant\/#primaryimage\"},\"image\":{\"@id\":\"https:\/\/consolataafrica.org\/fr\/cote-divoire-un-centenaire-proliferant\/#primaryimage\"},\"thumbnailUrl\":\"https:\/\/consolataafrica.org\/fr\/wp-content\/uploads\/2026\/02\/20260220Costa4.jpg\",\"datePublished\":\"2026-02-20T16:35:22+00:00\",\"dateModified\":\"2026-03-17T10:13:13+00:00\",\"author\":{\"@id\":\"https:\/\/consolataafrica.org\/fr\/#\/schema\/person\/4a24ca8466fa182069d14eba7ca61e4a\"},\"breadcrumb\":{\"@id\":\"https:\/\/consolataafrica.org\/fr\/cote-divoire-un-centenaire-proliferant\/#breadcrumb\"},\"inLanguage\":\"fr-FR\",\"potentialAction\":[{\"@type\":\"ReadAction\",\"target\":[\"https:\/\/consolataafrica.org\/fr\/cote-divoire-un-centenaire-proliferant\/\"]}]},{\"@type\":\"ImageObject\",\"inLanguage\":\"fr-FR\",\"@id\":\"https:\/\/consolataafrica.org\/fr\/cote-divoire-un-centenaire-proliferant\/#primaryimage\",\"url\":\"https:\/\/consolataafrica.org\/fr\/wp-content\/uploads\/2026\/02\/20260220Costa4.jpg\",\"contentUrl\":\"https:\/\/consolataafrica.org\/fr\/wp-content\/uploads\/2026\/02\/20260220Costa4.jpg\",\"width\":1230,\"height\":692},{\"@type\":\"BreadcrumbList\",\"@id\":\"https:\/\/consolataafrica.org\/fr\/cote-divoire-un-centenaire-proliferant\/#breadcrumb\",\"itemListElement\":[{\"@type\":\"ListItem\",\"position\":1,\"name\":\"Accueil\",\"item\":\"https:\/\/consolataafrica.org\/fr\/\"},{\"@type\":\"ListItem\",\"position\":2,\"name\":\"C\u00f4te d\u2019Ivoire : Un centenaire prolif\u00e9rant\"}]},{\"@type\":\"WebSite\",\"@id\":\"https:\/\/consolataafrica.org\/fr\/#website\",\"url\":\"https:\/\/consolataafrica.org\/fr\/\",\"name\":\"Consolata Africa\",\"description\":\"Consolata Missionaries in the Continent of Africa\",\"potentialAction\":[{\"@type\":\"SearchAction\",\"target\":{\"@type\":\"EntryPoint\",\"urlTemplate\":\"https:\/\/consolataafrica.org\/fr\/?s={search_term_string}\"},\"query-input\":\"required name=search_term_string\"}],\"inLanguage\":\"fr-FR\"},{\"@type\":\"Person\",\"@id\":\"https:\/\/consolataafrica.org\/fr\/#\/schema\/person\/4a24ca8466fa182069d14eba7ca61e4a\",\"name\":\"consaf@adm\",\"sameAs\":[\"https:\/\/consolataafrica.org\/fr\"],\"url\":\"https:\/\/consolataafrica.org\/fr\/author\/consafadm\/\"}]}<\/script>\n<!-- \/ Yoast SEO plugin. -->","yoast_head_json":{"title":"C\u00f4te d\u2019Ivoire : Un centenaire prolif\u00e9rant - Consolata Africa","robots":{"index":"index","follow":"follow","max-snippet":"max-snippet:-1","max-image-preview":"max-image-preview:large","max-video-preview":"max-video-preview:-1"},"canonical":"https:\/\/consolataafrica.org\/fr\/cote-divoire-un-centenaire-proliferant\/","og_locale":"fr_FR","og_type":"article","og_title":"C\u00f4te d\u2019Ivoire : Un centenaire prolif\u00e9rant - Consolata Africa","og_description":"Pour l\u2019Institut des Missions Consolata, l\u2019ann\u00e9e 2026 est sp\u00e9ciale car le Fondateur de cette famille missionnaire, saint Joseph Allamano, atteint les 100 ans depuis son entr\u00e9e au ciel le 16 f\u00e9vrier 1926.","og_url":"https:\/\/consolataafrica.org\/fr\/cote-divoire-un-centenaire-proliferant\/","og_site_name":"Consolata Africa","article_published_time":"2026-02-20T16:35:22+00:00","article_modified_time":"2026-03-17T10:13:13+00:00","og_image":[{"width":1230,"height":692,"url":"https:\/\/consolataafrica.org\/fr\/wp-content\/uploads\/2026\/02\/20260220Costa4.jpg","type":"image\/jpeg"}],"author":"consaf@adm","twitter_card":"summary_large_image","twitter_misc":{"\u00c9crit par":"consaf@adm","Dur\u00e9e de lecture estim\u00e9e":"5 minutes"},"schema":{"@context":"https:\/\/schema.org","@graph":[{"@type":"WebPage","@id":"https:\/\/consolataafrica.org\/fr\/cote-divoire-un-centenaire-proliferant\/","url":"https:\/\/consolataafrica.org\/fr\/cote-divoire-un-centenaire-proliferant\/","name":"C\u00f4te d\u2019Ivoire : Un centenaire prolif\u00e9rant - Consolata Africa","isPartOf":{"@id":"https:\/\/consolataafrica.org\/fr\/#website"},"primaryImageOfPage":{"@id":"https:\/\/consolataafrica.org\/fr\/cote-divoire-un-centenaire-proliferant\/#primaryimage"},"image":{"@id":"https:\/\/consolataafrica.org\/fr\/cote-divoire-un-centenaire-proliferant\/#primaryimage"},"thumbnailUrl":"https:\/\/consolataafrica.org\/fr\/wp-content\/uploads\/2026\/02\/20260220Costa4.jpg","datePublished":"2026-02-20T16:35:22+00:00","dateModified":"2026-03-17T10:13:13+00:00","author":{"@id":"https:\/\/consolataafrica.org\/fr\/#\/schema\/person\/4a24ca8466fa182069d14eba7ca61e4a"},"breadcrumb":{"@id":"https:\/\/consolataafrica.org\/fr\/cote-divoire-un-centenaire-proliferant\/#breadcrumb"},"inLanguage":"fr-FR","potentialAction":[{"@type":"ReadAction","target":["https:\/\/consolataafrica.org\/fr\/cote-divoire-un-centenaire-proliferant\/"]}]},{"@type":"ImageObject","inLanguage":"fr-FR","@id":"https:\/\/consolataafrica.org\/fr\/cote-divoire-un-centenaire-proliferant\/#primaryimage","url":"https:\/\/consolataafrica.org\/fr\/wp-content\/uploads\/2026\/02\/20260220Costa4.jpg","contentUrl":"https:\/\/consolataafrica.org\/fr\/wp-content\/uploads\/2026\/02\/20260220Costa4.jpg","width":1230,"height":692},{"@type":"BreadcrumbList","@id":"https:\/\/consolataafrica.org\/fr\/cote-divoire-un-centenaire-proliferant\/#breadcrumb","itemListElement":[{"@type":"ListItem","position":1,"name":"Accueil","item":"https:\/\/consolataafrica.org\/fr\/"},{"@type":"ListItem","position":2,"name":"C\u00f4te d\u2019Ivoire : Un centenaire prolif\u00e9rant"}]},{"@type":"WebSite","@id":"https:\/\/consolataafrica.org\/fr\/#website","url":"https:\/\/consolataafrica.org\/fr\/","name":"Consolata Africa","description":"Consolata Missionaries in the Continent of Africa","potentialAction":[{"@type":"SearchAction","target":{"@type":"EntryPoint","urlTemplate":"https:\/\/consolataafrica.org\/fr\/?s={search_term_string}"},"query-input":"required name=search_term_string"}],"inLanguage":"fr-FR"},{"@type":"Person","@id":"https:\/\/consolataafrica.org\/fr\/#\/schema\/person\/4a24ca8466fa182069d14eba7ca61e4a","name":"consaf@adm","sameAs":["https:\/\/consolataafrica.org\/fr"],"url":"https:\/\/consolataafrica.org\/fr\/author\/consafadm\/"}]}},"_links":{"self":[{"href":"https:\/\/consolataafrica.org\/fr\/wp-json\/wp\/v2\/posts\/2037","targetHints":{"allow":["GET"]}}],"collection":[{"href":"https:\/\/consolataafrica.org\/fr\/wp-json\/wp\/v2\/posts"}],"about":[{"href":"https:\/\/consolataafrica.org\/fr\/wp-json\/wp\/v2\/types\/post"}],"author":[{"embeddable":true,"href":"https:\/\/consolataafrica.org\/fr\/wp-json\/wp\/v2\/users\/1"}],"replies":[{"embeddable":true,"href":"https:\/\/consolataafrica.org\/fr\/wp-json\/wp\/v2\/comments?post=2037"}],"version-history":[{"count":3,"href":"https:\/\/consolataafrica.org\/fr\/wp-json\/wp\/v2\/posts\/2037\/revisions"}],"predecessor-version":[{"id":2048,"href":"https:\/\/consolataafrica.org\/fr\/wp-json\/wp\/v2\/posts\/2037\/revisions\/2048"}],"wp:featuredmedia":[{"embeddable":true,"href":"https:\/\/consolataafrica.org\/fr\/wp-json\/wp\/v2\/media\/2038"}],"wp:attachment":[{"href":"https:\/\/consolataafrica.org\/fr\/wp-json\/wp\/v2\/media?parent=2037"}],"wp:term":[{"taxonomy":"category","embeddable":true,"href":"https:\/\/consolataafrica.org\/fr\/wp-json\/wp\/v2\/categories?post=2037"},{"taxonomy":"post_tag","embeddable":true,"href":"https:\/\/consolataafrica.org\/fr\/wp-json\/wp\/v2\/tags?post=2037"}],"curies":[{"name":"wp","href":"https:\/\/api.w.org\/{rel}","templated":true}]}}