{"id":2003,"date":"2026-01-05T21:23:09","date_gmt":"2026-01-05T20:23:09","guid":{"rendered":"https:\/\/consolataafrica.org\/fr\/?p=2003"},"modified":"2026-02-15T10:40:04","modified_gmt":"2026-02-15T09:40:04","slug":"saint-joseph-allamano-11-saintete-et-la-parole-de-dieu","status":"publish","type":"post","link":"https:\/\/consolataafrica.org\/fr\/saint-joseph-allamano-11-saintete-et-la-parole-de-dieu\/","title":{"rendered":"Saint Joseph Allamano : 11. Saintet\u00e9 et la Parole de Dieu"},"content":{"rendered":"\n<figure class=\"wp-block-image size-large\"><img loading=\"lazy\" decoding=\"async\" width=\"1024\" height=\"578\" src=\"https:\/\/consolataafrica.org\/fr\/wp-content\/uploads\/2025\/12\/Cent_cover-FRA-1024x578.jpg\" alt=\"\" class=\"wp-image-1985\" srcset=\"https:\/\/consolataafrica.org\/fr\/wp-content\/uploads\/2025\/12\/Cent_cover-FRA-1024x578.jpg 1024w, https:\/\/consolataafrica.org\/fr\/wp-content\/uploads\/2025\/12\/Cent_cover-FRA-300x169.jpg 300w, https:\/\/consolataafrica.org\/fr\/wp-content\/uploads\/2025\/12\/Cent_cover-FRA-768x433.jpg 768w, https:\/\/consolataafrica.org\/fr\/wp-content\/uploads\/2025\/12\/Cent_cover-FRA-1536x866.jpg 1536w, https:\/\/consolataafrica.org\/fr\/wp-content\/uploads\/2025\/12\/Cent_cover-FRA.jpg 1748w\" sizes=\"auto, (max-width: 1024px) 100vw, 1024px\" \/><\/figure>\n\n\n\n<blockquote class=\"wp-block-quote is-layout-flow wp-block-quote-is-layout-flow\">\n<p class=\"wp-block-paragraph\">Avec beaucoup de conviction, Saint Joseph Allamano nous exhortait : Consid\u00e9rez l&rsquo;importance de l&rsquo;\u00c9criture sacr\u00e9e pour nous et pour les autres ! \u00bb Tout est l\u00e0 ; c&rsquo;est la Parole de Dieu, une parole vivante et chaleureuse. Et il se souvenait de ce que Saint J\u00e9r\u00f4me disait : \u00ab Ne laissez jamais tomber la Sainte Bible de vos mains, afin que le sommeil nous surprenne toujours avec le livre entre nos mains. \u00bb Sacr\u00e9es \u00c9critures ! Plus vous lisez, plus vous \u00e9tudiez et plus vous l&rsquo;aimez et vous en prenez plaisir. C&rsquo;est une \u00e9cole qui ne cesse jamais. Aimons beaucoup les Saintes \u00c9critures, en particulier l&rsquo;\u00c9vangile et les lettres de Saint Paul. Je veux que tu t&rsquo;attaches aux Saintes \u00c9critures !&nbsp;\u00bb<\/p>\n<\/blockquote>\n\n\n\n<p class=\"wp-block-paragraph\">Ces mots introduisent la onzi\u00e8me m\u00e9ditation du parcours de pr\u00e9paration au centenaire de la naissance au ciel de saint Joseph Allamano (16 f\u00e9vrier 2026).<\/p>\n\n\n\n<p class=\"wp-block-paragraph\">\u00ab La Parole de Dieu est la nourriture de la vie, de la pri\u00e8re et du cheminement quotidien, le principe d&rsquo;unification de la communaut\u00e9 dans l&rsquo;unit\u00e9 de pens\u00e9e, l&rsquo;inspiration pour un renouveau constant et pour la cr\u00e9ativit\u00e9 apostolique. [\u2026] \u00bb.<\/p>\n\n\n\n<p class=\"has-text-align-center wp-block-paragraph\"><strong>Voici le texte int\u00e9gral de la neuvi\u00e8me r\u00e9flexion pour le mois de janvier 2026<\/strong><\/p>\n\n\n\n    <div class='wp-block-pdfp-pdf-poster  alignnone' id='block-1'\n        data-attributes='{&quot;uniqueId&quot;:&quot;pdfpe8986e5f&quot;,&quot;file&quot;:&quot;https:\\\/\\\/consolataafrica.org\\\/fr\\\/wp-content\\\/uploads\\\/2026\\\/01\\\/CENT-11-FRA-Saintete-et-la-Parole-de-Dieu.pdf&quot;,&quot;adobeOptions&quot;:{&quot;showDownloadPDF&quot;:true,&quot;showPrintPDF&quot;:true,&quot;showAnnotationTools&quot;:true,&quot;showFullScreen&quot;:false,&quot;embedMode&quot;:&quot;SIZED_CONTAINER&quot;,&quot;updated&quot;:true},&quot;CSS&quot;:&quot;.pdfpe8986e5fbtn {background: #2271b1; color: #fff; padding: 10px 20px 10px 10px}&quot;,&quot;align&quot;:&quot;none&quot;,&quot;alignment&quot;:&quot;left&quot;,&quot;title&quot;:&quot;&quot;,&quot;titleFontSize&quot;:&quot;16px&quot;,&quot;height&quot;:{&quot;desktop&quot;:&quot;840px&quot;,&quot;tablet&quot;:&quot;700px&quot;,&quot;mobile&quot;:&quot;400px&quot;},&quot;width&quot;:{&quot;desktop&quot;:&quot;100%&quot;,&quot;tablet&quot;:&quot;100%&quot;,&quot;mobile&quot;:&quot;100%&quot;},&quot;showName&quot;:false,&quot;print&quot;:false,&quot;onlyPDF&quot;:false,&quot;defaultBrowser&quot;:false,&quot;keyboardNav&quot;:false,&quot;rtlMode&quot;:&quot;off&quot;,&quot;themeMode&quot;:&quot;light&quot;,&quot;annotationMode&quot;:true,&quot;openLinksInNewTab&quot;:false,&quot;progressiveLoading&quot;:true,&quot;downloadButton&quot;:false,&quot;downloadButtonText&quot;:&quot;Download File&quot;,&quot;fullscreenButton&quot;:true,&quot;fullscreenButtonText&quot;:&quot;View Fullscreen&quot;,&quot;actionsPosition&quot;:&quot;top&quot;,&quot;newWindow&quot;:false,&quot;protect&quot;:false,&quot;thumbMenu&quot;:false,&quot;sidebarOpen&quot;:false,&quot;initialPage&quot;:0,&quot;alert&quot;:false,&quot;lastVersion&quot;:false,&quot;hrScroll&quot;:false,&quot;isHideRightToolbar&quot;:false,&quot;additional&quot;:{&quot;ID&quot;:&quot;&quot;,&quot;Class&quot;:&quot;&quot;,&quot;CSS&quot;:&quot;&quot;},&quot;adobeEmbedder&quot;:&quot;default&quot;,&quot;flipbookSourceType&quot;:&quot;pdf&quot;,&quot;flipbookImages&quot;:[],&quot;flipbookSound&quot;:true,&quot;popupOptions&quot;:{&quot;enabled&quot;:false,&quot;triggerType&quot;:&quot;button&quot;,&quot;image&quot;:&quot;&quot;,&quot;imagePdfIcon&quot;:true,&quot;imageHeight&quot;:&quot;200px&quot;,&quot;imageWidth&quot;:&quot;300px&quot;,&quot;text&quot;:&quot;Open PDF&quot;,&quot;btnStyle&quot;:{&quot;background&quot;:&quot;#2271b1&quot;,&quot;color&quot;:&quot;#fff&quot;,&quot;fontSize&quot;:&quot;16px&quot;,&quot;padding&quot;:{&quot;top&quot;:10,&quot;right&quot;:20,&quot;bottom&quot;:10,&quot;left&quot;:10}}},&quot;popupBtnStyle&quot;:{&quot;background&quot;:&quot;#2271b1&quot;,&quot;color&quot;:&quot;#fff&quot;,&quot;padding&quot;:{&quot;top&quot;:10,&quot;right&quot;:20,&quot;bottom&quot;:10,&quot;left&quot;:10}},&quot;popupBtnText&quot;:&quot;Open Document&quot;,&quot;socialShare&quot;:{&quot;enabled&quot;:false,&quot;facebook&quot;:true,&quot;twitter&quot;:true,&quot;linkedin&quot;:true,&quot;pinterest&quot;:true,&quot;mailto&quot;:true,&quot;position&quot;:&quot;top&quot;},&quot;isPremium&quot;:false}'\n                data-pdfp-theme='light'        style=\"text-align: left\">\n                    <div class=\"pdfp_loading_placeholder\"\n                style=\"height: 840px; width: 100%; display: flex; align-items: center; justify-content: center; background: #f5f5f5; border: 1px solid #ddd;\">\n                <p>Loading Viewer&#8230;<\/p>\n            <\/div>\n            <\/div>\n\n\n\n<p class=\"wp-block-paragraph\"><a href=\"https:\/\/www.consolata.org\/index.php?option=com_k2&amp;view=itemlist&amp;layout=category&amp;task=category&amp;id=211&amp;Itemid=1461&amp;lang=it\" target=\"_blank\" rel=\"noreferrer noopener\"><strong>Vous trouverez ici toutes les m\u00e9ditations pr\u00e9c\u00e9dentes<\/strong><\/a><\/p>\n\n\n\n<p class=\"wp-block-paragraph\"><strong>Les r\u00e9flexions, dans diff\u00e9rentes langues, sont \u00e9galement publi\u00e9es sur le site <a href=\"https:\/\/giuseppeallamano.consolata.org\/index.php\/allamano\/centenario\/1716-cent-11-santita-e-spirito-di-famiglia\" target=\"_blank\" rel=\"noreferrer noopener\">giuseppeallamano.consolata.org<\/a><\/strong><\/p>\n","protected":false},"excerpt":{"rendered":"<p>Nous publions la onzi\u00e8me m\u00e9ditation du parcours de pr\u00e9paration au centenaire de la naissance au ciel de saint Joseph Allamano (16 f\u00e9vrier 2026).<\/p>\n","protected":false},"author":1,"featured_media":1985,"comment_status":"closed","ping_status":"closed","sticky":false,"template":"","format":"standard","meta":{"footnotes":""},"categories":[3,7,5,186,69,68],"tags":[173,119],"class_list":["post-2003","post","type-post","status-publish","format-standard","has-post-thumbnail","hentry","category-a-la-une","category-a-la-une-articles","category-articles","category-fondateur","category-formation","category-spiritualite","tag-centenaire-de-la-mort-allamano","tag-saint-joseph-allamano"],"yoast_head":"<!-- This site is optimized with the Yoast SEO plugin v28.2 - https:\/\/yoast.com\/product\/yoast-seo-wordpress\/ -->\n<title>Saint Joseph Allamano : 11. Saintet\u00e9 et la Parole de Dieu - Consolata Africa<\/title>\n<meta name=\"robots\" content=\"index, follow, max-snippet:-1, max-image-preview:large, max-video-preview:-1\" \/>\n<link rel=\"canonical\" href=\"https:\/\/consolataafrica.org\/fr\/saint-joseph-allamano-11-saintete-et-la-parole-de-dieu\/\" \/>\n<meta property=\"og:locale\" content=\"fr_FR\" \/>\n<meta property=\"og:type\" content=\"article\" \/>\n<meta property=\"og:title\" content=\"Saint Joseph Allamano : 11. Saintet\u00e9 et la Parole de Dieu - Consolata Africa\" \/>\n<meta property=\"og:description\" content=\"Nous publions la onzi\u00e8me m\u00e9ditation du parcours de pr\u00e9paration au centenaire de la naissance au ciel de saint Joseph Allamano (16 f\u00e9vrier 2026).\" \/>\n<meta property=\"og:url\" content=\"https:\/\/consolataafrica.org\/fr\/saint-joseph-allamano-11-saintete-et-la-parole-de-dieu\/\" \/>\n<meta property=\"og:site_name\" content=\"Consolata Africa\" \/>\n<meta property=\"article:published_time\" content=\"2026-01-05T20:23:09+00:00\" \/>\n<meta property=\"article:modified_time\" content=\"2026-02-15T09:40:04+00:00\" \/>\n<meta property=\"og:image\" content=\"https:\/\/consolataafrica.org\/fr\/wp-content\/uploads\/2025\/12\/Cent_cover-FRA.jpg\" \/>\n\t<meta property=\"og:image:width\" content=\"1748\" \/>\n\t<meta property=\"og:image:height\" content=\"986\" \/>\n\t<meta property=\"og:image:type\" content=\"image\/jpeg\" \/>\n<meta name=\"author\" content=\"consaf@adm\" \/>\n<meta name=\"twitter:card\" content=\"summary_large_image\" \/>\n<meta name=\"twitter:label1\" content=\"\u00c9crit par\" \/>\n\t<meta name=\"twitter:data1\" content=\"consaf@adm\" \/>\n\t<meta name=\"twitter:label2\" content=\"Dur\u00e9e de lecture estim\u00e9e\" \/>\n\t<meta name=\"twitter:data2\" content=\"1 minute\" \/>\n<script type=\"application\/ld+json\" class=\"yoast-schema-graph\">{\"@context\":\"https:\\\/\\\/schema.org\",\"@graph\":[{\"@type\":\"Article\",\"@id\":\"https:\\\/\\\/consolataafrica.org\\\/fr\\\/saint-joseph-allamano-11-saintete-et-la-parole-de-dieu\\\/#article\",\"isPartOf\":{\"@id\":\"https:\\\/\\\/consolataafrica.org\\\/fr\\\/saint-joseph-allamano-11-saintete-et-la-parole-de-dieu\\\/\"},\"author\":{\"name\":\"consaf@adm\",\"@id\":\"https:\\\/\\\/consolataafrica.org\\\/fr\\\/#\\\/schema\\\/person\\\/4a24ca8466fa182069d14eba7ca61e4a\"},\"headline\":\"Saint Joseph Allamano : 11. Saintet\u00e9 et la Parole de Dieu\",\"datePublished\":\"2026-01-05T20:23:09+00:00\",\"dateModified\":\"2026-02-15T09:40:04+00:00\",\"mainEntityOfPage\":{\"@id\":\"https:\\\/\\\/consolataafrica.org\\\/fr\\\/saint-joseph-allamano-11-saintete-et-la-parole-de-dieu\\\/\"},\"wordCount\":246,\"image\":{\"@id\":\"https:\\\/\\\/consolataafrica.org\\\/fr\\\/saint-joseph-allamano-11-saintete-et-la-parole-de-dieu\\\/#primaryimage\"},\"thumbnailUrl\":\"https:\\\/\\\/consolataafrica.org\\\/fr\\\/wp-content\\\/uploads\\\/2025\\\/12\\\/Cent_cover-FRA.jpg\",\"keywords\":[\"centenaire de la mort Allamano\",\"Saint Joseph Allamano\"],\"articleSection\":[\"\u00c0 la une\",\"\u00c0 la une\",\"Articles\",\"Fondateur\",\"Formation\",\"Spiritualit\u00e9\"],\"inLanguage\":\"fr-FR\"},{\"@type\":\"WebPage\",\"@id\":\"https:\\\/\\\/consolataafrica.org\\\/fr\\\/saint-joseph-allamano-11-saintete-et-la-parole-de-dieu\\\/\",\"url\":\"https:\\\/\\\/consolataafrica.org\\\/fr\\\/saint-joseph-allamano-11-saintete-et-la-parole-de-dieu\\\/\",\"name\":\"Saint Joseph Allamano : 11. Saintet\u00e9 et la Parole de Dieu - Consolata Africa\",\"isPartOf\":{\"@id\":\"https:\\\/\\\/consolataafrica.org\\\/fr\\\/#website\"},\"primaryImageOfPage\":{\"@id\":\"https:\\\/\\\/consolataafrica.org\\\/fr\\\/saint-joseph-allamano-11-saintete-et-la-parole-de-dieu\\\/#primaryimage\"},\"image\":{\"@id\":\"https:\\\/\\\/consolataafrica.org\\\/fr\\\/saint-joseph-allamano-11-saintete-et-la-parole-de-dieu\\\/#primaryimage\"},\"thumbnailUrl\":\"https:\\\/\\\/consolataafrica.org\\\/fr\\\/wp-content\\\/uploads\\\/2025\\\/12\\\/Cent_cover-FRA.jpg\",\"datePublished\":\"2026-01-05T20:23:09+00:00\",\"dateModified\":\"2026-02-15T09:40:04+00:00\",\"author\":{\"@id\":\"https:\\\/\\\/consolataafrica.org\\\/fr\\\/#\\\/schema\\\/person\\\/4a24ca8466fa182069d14eba7ca61e4a\"},\"breadcrumb\":{\"@id\":\"https:\\\/\\\/consolataafrica.org\\\/fr\\\/saint-joseph-allamano-11-saintete-et-la-parole-de-dieu\\\/#breadcrumb\"},\"inLanguage\":\"fr-FR\",\"potentialAction\":[{\"@type\":\"ReadAction\",\"target\":[\"https:\\\/\\\/consolataafrica.org\\\/fr\\\/saint-joseph-allamano-11-saintete-et-la-parole-de-dieu\\\/\"]}]},{\"@type\":\"ImageObject\",\"inLanguage\":\"fr-FR\",\"@id\":\"https:\\\/\\\/consolataafrica.org\\\/fr\\\/saint-joseph-allamano-11-saintete-et-la-parole-de-dieu\\\/#primaryimage\",\"url\":\"https:\\\/\\\/consolataafrica.org\\\/fr\\\/wp-content\\\/uploads\\\/2025\\\/12\\\/Cent_cover-FRA.jpg\",\"contentUrl\":\"https:\\\/\\\/consolataafrica.org\\\/fr\\\/wp-content\\\/uploads\\\/2025\\\/12\\\/Cent_cover-FRA.jpg\",\"width\":1748,\"height\":986},{\"@type\":\"BreadcrumbList\",\"@id\":\"https:\\\/\\\/consolataafrica.org\\\/fr\\\/saint-joseph-allamano-11-saintete-et-la-parole-de-dieu\\\/#breadcrumb\",\"itemListElement\":[{\"@type\":\"ListItem\",\"position\":1,\"name\":\"Accueil\",\"item\":\"https:\\\/\\\/consolataafrica.org\\\/fr\\\/\"},{\"@type\":\"ListItem\",\"position\":2,\"name\":\"Saint Joseph Allamano : 11. Saintet\u00e9 et la Parole de Dieu\"}]},{\"@type\":\"WebSite\",\"@id\":\"https:\\\/\\\/consolataafrica.org\\\/fr\\\/#website\",\"url\":\"https:\\\/\\\/consolataafrica.org\\\/fr\\\/\",\"name\":\"Consolata Africa\",\"description\":\"Consolata Missionaries in the Continent of Africa\",\"potentialAction\":[{\"@type\":\"SearchAction\",\"target\":{\"@type\":\"EntryPoint\",\"urlTemplate\":\"https:\\\/\\\/consolataafrica.org\\\/fr\\\/?s={search_term_string}\"},\"query-input\":{\"@type\":\"PropertyValueSpecification\",\"valueRequired\":true,\"valueName\":\"search_term_string\"}}],\"inLanguage\":\"fr-FR\"},{\"@type\":\"Person\",\"@id\":\"https:\\\/\\\/consolataafrica.org\\\/fr\\\/#\\\/schema\\\/person\\\/4a24ca8466fa182069d14eba7ca61e4a\",\"name\":\"consaf@adm\",\"sameAs\":[\"https:\\\/\\\/consolataafrica.org\\\/fr\"],\"url\":\"https:\\\/\\\/consolataafrica.org\\\/fr\\\/author\\\/consafadm\\\/\"}]}<\/script>\n<!-- \/ Yoast SEO plugin. -->","yoast_head_json":{"title":"Saint Joseph Allamano : 11. Saintet\u00e9 et la Parole de Dieu - Consolata Africa","robots":{"index":"index","follow":"follow","max-snippet":"max-snippet:-1","max-image-preview":"max-image-preview:large","max-video-preview":"max-video-preview:-1"},"canonical":"https:\/\/consolataafrica.org\/fr\/saint-joseph-allamano-11-saintete-et-la-parole-de-dieu\/","og_locale":"fr_FR","og_type":"article","og_title":"Saint Joseph Allamano : 11. Saintet\u00e9 et la Parole de Dieu - Consolata Africa","og_description":"Nous publions la onzi\u00e8me m\u00e9ditation du parcours de pr\u00e9paration au centenaire de la naissance au ciel de saint Joseph Allamano (16 f\u00e9vrier 2026).","og_url":"https:\/\/consolataafrica.org\/fr\/saint-joseph-allamano-11-saintete-et-la-parole-de-dieu\/","og_site_name":"Consolata Africa","article_published_time":"2026-01-05T20:23:09+00:00","article_modified_time":"2026-02-15T09:40:04+00:00","og_image":[{"width":1748,"height":986,"url":"https:\/\/consolataafrica.org\/fr\/wp-content\/uploads\/2025\/12\/Cent_cover-FRA.jpg","type":"image\/jpeg"}],"author":"consaf@adm","twitter_card":"summary_large_image","twitter_misc":{"\u00c9crit par":"consaf@adm","Dur\u00e9e de lecture estim\u00e9e":"1 minute"},"schema":{"@context":"https:\/\/schema.org","@graph":[{"@type":"Article","@id":"https:\/\/consolataafrica.org\/fr\/saint-joseph-allamano-11-saintete-et-la-parole-de-dieu\/#article","isPartOf":{"@id":"https:\/\/consolataafrica.org\/fr\/saint-joseph-allamano-11-saintete-et-la-parole-de-dieu\/"},"author":{"name":"consaf@adm","@id":"https:\/\/consolataafrica.org\/fr\/#\/schema\/person\/4a24ca8466fa182069d14eba7ca61e4a"},"headline":"Saint Joseph Allamano : 11. Saintet\u00e9 et la Parole de Dieu","datePublished":"2026-01-05T20:23:09+00:00","dateModified":"2026-02-15T09:40:04+00:00","mainEntityOfPage":{"@id":"https:\/\/consolataafrica.org\/fr\/saint-joseph-allamano-11-saintete-et-la-parole-de-dieu\/"},"wordCount":246,"image":{"@id":"https:\/\/consolataafrica.org\/fr\/saint-joseph-allamano-11-saintete-et-la-parole-de-dieu\/#primaryimage"},"thumbnailUrl":"https:\/\/consolataafrica.org\/fr\/wp-content\/uploads\/2025\/12\/Cent_cover-FRA.jpg","keywords":["centenaire de la mort Allamano","Saint Joseph Allamano"],"articleSection":["\u00c0 la une","\u00c0 la une","Articles","Fondateur","Formation","Spiritualit\u00e9"],"inLanguage":"fr-FR"},{"@type":"WebPage","@id":"https:\/\/consolataafrica.org\/fr\/saint-joseph-allamano-11-saintete-et-la-parole-de-dieu\/","url":"https:\/\/consolataafrica.org\/fr\/saint-joseph-allamano-11-saintete-et-la-parole-de-dieu\/","name":"Saint Joseph Allamano : 11. Saintet\u00e9 et la Parole de Dieu - Consolata Africa","isPartOf":{"@id":"https:\/\/consolataafrica.org\/fr\/#website"},"primaryImageOfPage":{"@id":"https:\/\/consolataafrica.org\/fr\/saint-joseph-allamano-11-saintete-et-la-parole-de-dieu\/#primaryimage"},"image":{"@id":"https:\/\/consolataafrica.org\/fr\/saint-joseph-allamano-11-saintete-et-la-parole-de-dieu\/#primaryimage"},"thumbnailUrl":"https:\/\/consolataafrica.org\/fr\/wp-content\/uploads\/2025\/12\/Cent_cover-FRA.jpg","datePublished":"2026-01-05T20:23:09+00:00","dateModified":"2026-02-15T09:40:04+00:00","author":{"@id":"https:\/\/consolataafrica.org\/fr\/#\/schema\/person\/4a24ca8466fa182069d14eba7ca61e4a"},"breadcrumb":{"@id":"https:\/\/consolataafrica.org\/fr\/saint-joseph-allamano-11-saintete-et-la-parole-de-dieu\/#breadcrumb"},"inLanguage":"fr-FR","potentialAction":[{"@type":"ReadAction","target":["https:\/\/consolataafrica.org\/fr\/saint-joseph-allamano-11-saintete-et-la-parole-de-dieu\/"]}]},{"@type":"ImageObject","inLanguage":"fr-FR","@id":"https:\/\/consolataafrica.org\/fr\/saint-joseph-allamano-11-saintete-et-la-parole-de-dieu\/#primaryimage","url":"https:\/\/consolataafrica.org\/fr\/wp-content\/uploads\/2025\/12\/Cent_cover-FRA.jpg","contentUrl":"https:\/\/consolataafrica.org\/fr\/wp-content\/uploads\/2025\/12\/Cent_cover-FRA.jpg","width":1748,"height":986},{"@type":"BreadcrumbList","@id":"https:\/\/consolataafrica.org\/fr\/saint-joseph-allamano-11-saintete-et-la-parole-de-dieu\/#breadcrumb","itemListElement":[{"@type":"ListItem","position":1,"name":"Accueil","item":"https:\/\/consolataafrica.org\/fr\/"},{"@type":"ListItem","position":2,"name":"Saint Joseph Allamano : 11. Saintet\u00e9 et la Parole de Dieu"}]},{"@type":"WebSite","@id":"https:\/\/consolataafrica.org\/fr\/#website","url":"https:\/\/consolataafrica.org\/fr\/","name":"Consolata Africa","description":"Consolata Missionaries in the Continent of Africa","potentialAction":[{"@type":"SearchAction","target":{"@type":"EntryPoint","urlTemplate":"https:\/\/consolataafrica.org\/fr\/?s={search_term_string}"},"query-input":{"@type":"PropertyValueSpecification","valueRequired":true,"valueName":"search_term_string"}}],"inLanguage":"fr-FR"},{"@type":"Person","@id":"https:\/\/consolataafrica.org\/fr\/#\/schema\/person\/4a24ca8466fa182069d14eba7ca61e4a","name":"consaf@adm","sameAs":["https:\/\/consolataafrica.org\/fr"],"url":"https:\/\/consolataafrica.org\/fr\/author\/consafadm\/"}]}},"_links":{"self":[{"href":"https:\/\/consolataafrica.org\/fr\/wp-json\/wp\/v2\/posts\/2003","targetHints":{"allow":["GET"]}}],"collection":[{"href":"https:\/\/consolataafrica.org\/fr\/wp-json\/wp\/v2\/posts"}],"about":[{"href":"https:\/\/consolataafrica.org\/fr\/wp-json\/wp\/v2\/types\/post"}],"author":[{"embeddable":true,"href":"https:\/\/consolataafrica.org\/fr\/wp-json\/wp\/v2\/users\/1"}],"replies":[{"embeddable":true,"href":"https:\/\/consolataafrica.org\/fr\/wp-json\/wp\/v2\/comments?post=2003"}],"version-history":[{"count":3,"href":"https:\/\/consolataafrica.org\/fr\/wp-json\/wp\/v2\/posts\/2003\/revisions"}],"predecessor-version":[{"id":2024,"href":"https:\/\/consolataafrica.org\/fr\/wp-json\/wp\/v2\/posts\/2003\/revisions\/2024"}],"wp:featuredmedia":[{"embeddable":true,"href":"https:\/\/consolataafrica.org\/fr\/wp-json\/wp\/v2\/media\/1985"}],"wp:attachment":[{"href":"https:\/\/consolataafrica.org\/fr\/wp-json\/wp\/v2\/media?parent=2003"}],"wp:term":[{"taxonomy":"category","embeddable":true,"href":"https:\/\/consolataafrica.org\/fr\/wp-json\/wp\/v2\/categories?post=2003"},{"taxonomy":"post_tag","embeddable":true,"href":"https:\/\/consolataafrica.org\/fr\/wp-json\/wp\/v2\/tags?post=2003"}],"curies":[{"name":"wp","href":"https:\/\/api.w.org\/{rel}","templated":true}]}}