{"id":1789,"date":"2025-09-16T11:57:41","date_gmt":"2025-09-16T09:57:41","guid":{"rendered":"https:\/\/consolataafrica.org\/fr\/?p=1789"},"modified":"2025-09-20T11:07:10","modified_gmt":"2025-09-20T09:07:10","slug":"san-giuseppe-allamano-4-famille-de-la-consolata","status":"publish","type":"post","link":"https:\/\/consolataafrica.org\/fr\/san-giuseppe-allamano-4-famille-de-la-consolata\/","title":{"rendered":"San Giuseppe Allamano 4 : \u00ab Famille de la Consolata \u00bb"},"content":{"rendered":"\n<figure class=\"wp-block-image size-large\"><img loading=\"lazy\" decoding=\"async\" width=\"1024\" height=\"576\" src=\"https:\/\/consolataafrica.org\/fr\/wp-content\/uploads\/2025\/09\/20250915Percorso-1024x576.jpg\" alt=\"\" class=\"wp-image-1790\" srcset=\"https:\/\/consolataafrica.org\/fr\/wp-content\/uploads\/2025\/09\/20250915Percorso-1024x576.jpg 1024w, https:\/\/consolataafrica.org\/fr\/wp-content\/uploads\/2025\/09\/20250915Percorso-300x169.jpg 300w, https:\/\/consolataafrica.org\/fr\/wp-content\/uploads\/2025\/09\/20250915Percorso-768x432.jpg 768w, https:\/\/consolataafrica.org\/fr\/wp-content\/uploads\/2025\/09\/20250915Percorso.jpg 1230w\" sizes=\"auto, (max-width: 1024px) 100vw, 1024px\" \/><\/figure>\n\n\n\n<blockquote class=\"wp-block-quote is-layout-flow wp-block-quote-is-layout-flow\">\n<p>Le quatri\u00e8me \u00e9pisode de la s\u00e9rie de vid\u00e9os du parcours de pr\u00e9paration au Centenaire de la naissance au ciel de Saint Joseph Allamano (16 f\u00e9vrier 2026) est d\u00e9di\u00e9 au th\u00e8me de la \u00ab Famille de la Consolata \u00bb.<\/p>\n<\/blockquote>\n\n\n\n<p>Nous \u00e9couterons les t\u00e9moignages de S\u0153ur Lucia Bartolomasi, sup\u00e9rieure g\u00e9n\u00e9rale des Missionnaires de la Consolata, de Mgr Peter Munguti Makau, missionnaire de la Consolata et \u00e9v\u00eaque d\u2019Isiolo au Kenya, ainsi que de plusieurs missionnaires et la\u00efcs de la Consolata.<\/p>\n\n\n\n<p>Chacun d\u2019eux raconte bri\u00e8vement ce que signifie pour lui ou elle faire partie de la \u00ab Famille de la Consolata \u00bb, une r\u00e9alit\u00e9 voulue par Saint Joseph Allamano d\u00e8s la fondation des Instituts.<\/p>\n\n\n\n<figure class=\"wp-block-embed is-type-video is-provider-youtube wp-block-embed-youtube wp-embed-aspect-16-9 wp-has-aspect-ratio\"><div class=\"wp-block-embed__wrapper\">\n<iframe loading=\"lazy\" title=\"San Giuseppe Allamano 4. &quot;Famiglia della Consolata\u201d\" width=\"500\" height=\"281\" src=\"https:\/\/www.youtube.com\/embed\/dh3ir00kjlg?feature=oembed\" frameborder=\"0\" allow=\"accelerometer; autoplay; clipboard-write; encrypted-media; gyroscope; picture-in-picture; web-share\" referrerpolicy=\"strict-origin-when-cross-origin\" allowfullscreen><\/iframe>\n<\/div><\/figure>\n\n\n\n<p>* Produit par <a href=\"https:\/\/www.youtube.com\/@CulturesAndMission\" target=\"_blank\" rel=\"noreferrer noopener\">Mediacor.<\/a><\/p>\n","protected":false},"excerpt":{"rendered":"<p>Le quatri\u00e8me \u00e9pisode de la s\u00e9rie de vid\u00e9os du parcours de pr\u00e9paration au Centenaire de la naissance au ciel de Saint Joseph Allamano (16 f\u00e9vrier 2026) est d\u00e9di\u00e9 au th\u00e8me de la \u00ab Famille de la Consolata \u00bb.<\/p>\n","protected":false},"author":1,"featured_media":1790,"comment_status":"closed","ping_status":"closed","sticky":false,"template":"","format":"video","meta":{"footnotes":""},"categories":[3,67,4,68],"tags":[173,97,119],"class_list":["post-1789","post","type-post","status-publish","format-video","has-post-thumbnail","hentry","category-a-la-une","category-mission","category-nouvelles","category-spiritualite","tag-centenaire-de-la-mort-allamano","tag-famille-consolata","tag-saint-joseph-allamano","post_format-post-format-video"],"yoast_head":"<!-- This site is optimized with the Yoast SEO plugin v22.5 - https:\/\/yoast.com\/wordpress\/plugins\/seo\/ -->\n<title>San Giuseppe Allamano 4 : \u00ab Famille de la Consolata \u00bb - Consolata Africa<\/title>\n<meta name=\"robots\" content=\"index, follow, max-snippet:-1, max-image-preview:large, max-video-preview:-1\" \/>\n<link rel=\"canonical\" href=\"https:\/\/consolataafrica.org\/fr\/san-giuseppe-allamano-4-famille-de-la-consolata\/\" \/>\n<meta property=\"og:locale\" content=\"fr_FR\" \/>\n<meta property=\"og:type\" content=\"article\" \/>\n<meta property=\"og:title\" content=\"San Giuseppe Allamano 4 : \u00ab Famille de la Consolata \u00bb - Consolata Africa\" \/>\n<meta property=\"og:description\" content=\"Le quatri\u00e8me \u00e9pisode de la s\u00e9rie de vid\u00e9os du parcours de pr\u00e9paration au Centenaire de la naissance au ciel de Saint Joseph Allamano (16 f\u00e9vrier 2026) est d\u00e9di\u00e9 au th\u00e8me de la \u00ab Famille de la Consolata \u00bb.\" \/>\n<meta property=\"og:url\" content=\"https:\/\/consolataafrica.org\/fr\/san-giuseppe-allamano-4-famille-de-la-consolata\/\" \/>\n<meta property=\"og:site_name\" content=\"Consolata Africa\" \/>\n<meta property=\"article:published_time\" content=\"2025-09-16T09:57:41+00:00\" \/>\n<meta property=\"article:modified_time\" content=\"2025-09-20T09:07:10+00:00\" \/>\n<meta property=\"og:image\" content=\"https:\/\/consolataafrica.org\/fr\/wp-content\/uploads\/2025\/09\/20250915Percorso.jpg\" \/>\n\t<meta property=\"og:image:width\" content=\"1230\" \/>\n\t<meta property=\"og:image:height\" content=\"692\" \/>\n\t<meta property=\"og:image:type\" content=\"image\/jpeg\" \/>\n<meta name=\"author\" content=\"consaf@adm\" \/>\n<meta name=\"twitter:card\" content=\"summary_large_image\" \/>\n<meta name=\"twitter:label1\" content=\"\u00c9crit par\" \/>\n\t<meta name=\"twitter:data1\" content=\"consaf@adm\" \/>\n\t<meta name=\"twitter:label2\" content=\"Dur\u00e9e de lecture estim\u00e9e\" \/>\n\t<meta name=\"twitter:data2\" content=\"1 minute\" \/>\n<script type=\"application\/ld+json\" class=\"yoast-schema-graph\">{\"@context\":\"https:\/\/schema.org\",\"@graph\":[{\"@type\":\"WebPage\",\"@id\":\"https:\/\/consolataafrica.org\/fr\/san-giuseppe-allamano-4-famille-de-la-consolata\/\",\"url\":\"https:\/\/consolataafrica.org\/fr\/san-giuseppe-allamano-4-famille-de-la-consolata\/\",\"name\":\"San Giuseppe Allamano 4 : \u00ab Famille de la Consolata \u00bb - Consolata Africa\",\"isPartOf\":{\"@id\":\"https:\/\/consolataafrica.org\/fr\/#website\"},\"primaryImageOfPage\":{\"@id\":\"https:\/\/consolataafrica.org\/fr\/san-giuseppe-allamano-4-famille-de-la-consolata\/#primaryimage\"},\"image\":{\"@id\":\"https:\/\/consolataafrica.org\/fr\/san-giuseppe-allamano-4-famille-de-la-consolata\/#primaryimage\"},\"thumbnailUrl\":\"https:\/\/consolataafrica.org\/fr\/wp-content\/uploads\/2025\/09\/20250915Percorso.jpg\",\"datePublished\":\"2025-09-16T09:57:41+00:00\",\"dateModified\":\"2025-09-20T09:07:10+00:00\",\"author\":{\"@id\":\"https:\/\/consolataafrica.org\/fr\/#\/schema\/person\/4a24ca8466fa182069d14eba7ca61e4a\"},\"breadcrumb\":{\"@id\":\"https:\/\/consolataafrica.org\/fr\/san-giuseppe-allamano-4-famille-de-la-consolata\/#breadcrumb\"},\"inLanguage\":\"fr-FR\",\"potentialAction\":[{\"@type\":\"ReadAction\",\"target\":[\"https:\/\/consolataafrica.org\/fr\/san-giuseppe-allamano-4-famille-de-la-consolata\/\"]}]},{\"@type\":\"ImageObject\",\"inLanguage\":\"fr-FR\",\"@id\":\"https:\/\/consolataafrica.org\/fr\/san-giuseppe-allamano-4-famille-de-la-consolata\/#primaryimage\",\"url\":\"https:\/\/consolataafrica.org\/fr\/wp-content\/uploads\/2025\/09\/20250915Percorso.jpg\",\"contentUrl\":\"https:\/\/consolataafrica.org\/fr\/wp-content\/uploads\/2025\/09\/20250915Percorso.jpg\",\"width\":1230,\"height\":692},{\"@type\":\"BreadcrumbList\",\"@id\":\"https:\/\/consolataafrica.org\/fr\/san-giuseppe-allamano-4-famille-de-la-consolata\/#breadcrumb\",\"itemListElement\":[{\"@type\":\"ListItem\",\"position\":1,\"name\":\"Accueil\",\"item\":\"https:\/\/consolataafrica.org\/fr\/\"},{\"@type\":\"ListItem\",\"position\":2,\"name\":\"San Giuseppe Allamano 4 : \u00ab Famille de la Consolata \u00bb\"}]},{\"@type\":\"WebSite\",\"@id\":\"https:\/\/consolataafrica.org\/fr\/#website\",\"url\":\"https:\/\/consolataafrica.org\/fr\/\",\"name\":\"Consolata Africa\",\"description\":\"Consolata Missionaries in the Continent of Africa\",\"potentialAction\":[{\"@type\":\"SearchAction\",\"target\":{\"@type\":\"EntryPoint\",\"urlTemplate\":\"https:\/\/consolataafrica.org\/fr\/?s={search_term_string}\"},\"query-input\":\"required name=search_term_string\"}],\"inLanguage\":\"fr-FR\"},{\"@type\":\"Person\",\"@id\":\"https:\/\/consolataafrica.org\/fr\/#\/schema\/person\/4a24ca8466fa182069d14eba7ca61e4a\",\"name\":\"consaf@adm\",\"sameAs\":[\"https:\/\/consolataafrica.org\/fr\"],\"url\":\"https:\/\/consolataafrica.org\/fr\/author\/consafadm\/\"}]}<\/script>\n<!-- \/ Yoast SEO plugin. -->","yoast_head_json":{"title":"San Giuseppe Allamano 4 : \u00ab Famille de la Consolata \u00bb - Consolata Africa","robots":{"index":"index","follow":"follow","max-snippet":"max-snippet:-1","max-image-preview":"max-image-preview:large","max-video-preview":"max-video-preview:-1"},"canonical":"https:\/\/consolataafrica.org\/fr\/san-giuseppe-allamano-4-famille-de-la-consolata\/","og_locale":"fr_FR","og_type":"article","og_title":"San Giuseppe Allamano 4 : \u00ab Famille de la Consolata \u00bb - Consolata Africa","og_description":"Le quatri\u00e8me \u00e9pisode de la s\u00e9rie de vid\u00e9os du parcours de pr\u00e9paration au Centenaire de la naissance au ciel de Saint Joseph Allamano (16 f\u00e9vrier 2026) est d\u00e9di\u00e9 au th\u00e8me de la \u00ab Famille de la Consolata \u00bb.","og_url":"https:\/\/consolataafrica.org\/fr\/san-giuseppe-allamano-4-famille-de-la-consolata\/","og_site_name":"Consolata Africa","article_published_time":"2025-09-16T09:57:41+00:00","article_modified_time":"2025-09-20T09:07:10+00:00","og_image":[{"width":1230,"height":692,"url":"https:\/\/consolataafrica.org\/fr\/wp-content\/uploads\/2025\/09\/20250915Percorso.jpg","type":"image\/jpeg"}],"author":"consaf@adm","twitter_card":"summary_large_image","twitter_misc":{"\u00c9crit par":"consaf@adm","Dur\u00e9e de lecture estim\u00e9e":"1 minute"},"schema":{"@context":"https:\/\/schema.org","@graph":[{"@type":"WebPage","@id":"https:\/\/consolataafrica.org\/fr\/san-giuseppe-allamano-4-famille-de-la-consolata\/","url":"https:\/\/consolataafrica.org\/fr\/san-giuseppe-allamano-4-famille-de-la-consolata\/","name":"San Giuseppe Allamano 4 : \u00ab Famille de la Consolata \u00bb - Consolata Africa","isPartOf":{"@id":"https:\/\/consolataafrica.org\/fr\/#website"},"primaryImageOfPage":{"@id":"https:\/\/consolataafrica.org\/fr\/san-giuseppe-allamano-4-famille-de-la-consolata\/#primaryimage"},"image":{"@id":"https:\/\/consolataafrica.org\/fr\/san-giuseppe-allamano-4-famille-de-la-consolata\/#primaryimage"},"thumbnailUrl":"https:\/\/consolataafrica.org\/fr\/wp-content\/uploads\/2025\/09\/20250915Percorso.jpg","datePublished":"2025-09-16T09:57:41+00:00","dateModified":"2025-09-20T09:07:10+00:00","author":{"@id":"https:\/\/consolataafrica.org\/fr\/#\/schema\/person\/4a24ca8466fa182069d14eba7ca61e4a"},"breadcrumb":{"@id":"https:\/\/consolataafrica.org\/fr\/san-giuseppe-allamano-4-famille-de-la-consolata\/#breadcrumb"},"inLanguage":"fr-FR","potentialAction":[{"@type":"ReadAction","target":["https:\/\/consolataafrica.org\/fr\/san-giuseppe-allamano-4-famille-de-la-consolata\/"]}]},{"@type":"ImageObject","inLanguage":"fr-FR","@id":"https:\/\/consolataafrica.org\/fr\/san-giuseppe-allamano-4-famille-de-la-consolata\/#primaryimage","url":"https:\/\/consolataafrica.org\/fr\/wp-content\/uploads\/2025\/09\/20250915Percorso.jpg","contentUrl":"https:\/\/consolataafrica.org\/fr\/wp-content\/uploads\/2025\/09\/20250915Percorso.jpg","width":1230,"height":692},{"@type":"BreadcrumbList","@id":"https:\/\/consolataafrica.org\/fr\/san-giuseppe-allamano-4-famille-de-la-consolata\/#breadcrumb","itemListElement":[{"@type":"ListItem","position":1,"name":"Accueil","item":"https:\/\/consolataafrica.org\/fr\/"},{"@type":"ListItem","position":2,"name":"San Giuseppe Allamano 4 : \u00ab Famille de la Consolata \u00bb"}]},{"@type":"WebSite","@id":"https:\/\/consolataafrica.org\/fr\/#website","url":"https:\/\/consolataafrica.org\/fr\/","name":"Consolata Africa","description":"Consolata Missionaries in the Continent of Africa","potentialAction":[{"@type":"SearchAction","target":{"@type":"EntryPoint","urlTemplate":"https:\/\/consolataafrica.org\/fr\/?s={search_term_string}"},"query-input":"required name=search_term_string"}],"inLanguage":"fr-FR"},{"@type":"Person","@id":"https:\/\/consolataafrica.org\/fr\/#\/schema\/person\/4a24ca8466fa182069d14eba7ca61e4a","name":"consaf@adm","sameAs":["https:\/\/consolataafrica.org\/fr"],"url":"https:\/\/consolataafrica.org\/fr\/author\/consafadm\/"}]}},"_links":{"self":[{"href":"https:\/\/consolataafrica.org\/fr\/wp-json\/wp\/v2\/posts\/1789","targetHints":{"allow":["GET"]}}],"collection":[{"href":"https:\/\/consolataafrica.org\/fr\/wp-json\/wp\/v2\/posts"}],"about":[{"href":"https:\/\/consolataafrica.org\/fr\/wp-json\/wp\/v2\/types\/post"}],"author":[{"embeddable":true,"href":"https:\/\/consolataafrica.org\/fr\/wp-json\/wp\/v2\/users\/1"}],"replies":[{"embeddable":true,"href":"https:\/\/consolataafrica.org\/fr\/wp-json\/wp\/v2\/comments?post=1789"}],"version-history":[{"count":2,"href":"https:\/\/consolataafrica.org\/fr\/wp-json\/wp\/v2\/posts\/1789\/revisions"}],"predecessor-version":[{"id":1792,"href":"https:\/\/consolataafrica.org\/fr\/wp-json\/wp\/v2\/posts\/1789\/revisions\/1792"}],"wp:featuredmedia":[{"embeddable":true,"href":"https:\/\/consolataafrica.org\/fr\/wp-json\/wp\/v2\/media\/1790"}],"wp:attachment":[{"href":"https:\/\/consolataafrica.org\/fr\/wp-json\/wp\/v2\/media?parent=1789"}],"wp:term":[{"taxonomy":"category","embeddable":true,"href":"https:\/\/consolataafrica.org\/fr\/wp-json\/wp\/v2\/categories?post=1789"},{"taxonomy":"post_tag","embeddable":true,"href":"https:\/\/consolataafrica.org\/fr\/wp-json\/wp\/v2\/tags?post=1789"}],"curies":[{"name":"wp","href":"https:\/\/api.w.org\/{rel}","templated":true}]}}