{"id":1747,"date":"2025-09-10T17:23:29","date_gmt":"2025-09-10T15:23:29","guid":{"rendered":"https:\/\/consolataafrica.org\/fr\/?p=1747"},"modified":"2025-09-15T20:44:26","modified_gmt":"2025-09-15T18:44:26","slug":"repartir-du-christ-raviver-le-feu-de-la-vocation","status":"publish","type":"post","link":"https:\/\/consolataafrica.org\/fr\/repartir-du-christ-raviver-le-feu-de-la-vocation\/","title":{"rendered":"Repartir du Christ : raviver le feu de la vocation"},"content":{"rendered":"\n<figure class=\"wp-block-image size-large\"><img loading=\"lazy\" decoding=\"async\" width=\"1024\" height=\"576\" src=\"https:\/\/consolataafrica.org\/fr\/wp-content\/uploads\/2025\/09\/20250910Ugo-1024x576.jpg\" alt=\"\" class=\"wp-image-1748\" srcset=\"https:\/\/consolataafrica.org\/fr\/wp-content\/uploads\/2025\/09\/20250910Ugo-1024x576.jpg 1024w, https:\/\/consolataafrica.org\/fr\/wp-content\/uploads\/2025\/09\/20250910Ugo-300x169.jpg 300w, https:\/\/consolataafrica.org\/fr\/wp-content\/uploads\/2025\/09\/20250910Ugo-768x432.jpg 768w, https:\/\/consolataafrica.org\/fr\/wp-content\/uploads\/2025\/09\/20250910Ugo.jpg 1230w\" sizes=\"auto, (max-width: 1024px) 100vw, 1024px\" \/><figcaption class=\"wp-element-caption\">La r\u00e9flexion du P\u00e8re Ugo a eu lieu par visioconf\u00e9rence depuis Turin. Photo : Jaime C. Patias<\/figcaption><\/figure>\n\n\n\n<blockquote class=\"wp-block-quote is-layout-flow wp-block-quote-is-layout-flow\">\n<p>S&rsquo;inspirant du texte biblique selon Jean, chapitre 21, 1-14, J\u00e9sus ressuscit\u00e9 et les disciples, le p\u00e8re Ugo Pozzoli, IMC, a rappel\u00e9 aux missionnaires de la Consolata jubilaires r\u00e9unis \u00e0 Rome pour le cours de formation permanente la n\u00e9cessit\u00e9 de repartir du Christ. Apr\u00e8s la mort de J\u00e9sus, Pierre et ses compagnons se sont retrouv\u00e9s bless\u00e9s et d\u00e9sabus\u00e9s au point de retourner \u00e0 leur occupation initiale.<\/p>\n<\/blockquote>\n\n\n\n<p><strong><em>Par Stephen Gichoki Ngari *<\/em><\/strong><\/p>\n\n\n\n<p>Le p\u00e8re Ugo est un ancien conseiller g\u00e9n\u00e9ral et travaille actuellement \u00e0 Turin en tant que responsable de Missioni Consolata Onlus, qui soutient des projets d&rsquo;\u00e9vang\u00e9lisation et de promotion humaine dans nos missions. Il est \u00e9galement vicaire pour la vie consacr\u00e9e dans l&rsquo;archidioc\u00e8se de Turin, o\u00f9 il travaille avec plus de 2 400 religieux et religieuses. La r\u00e9flexion du p\u00e8re Ugo, pr\u00e9sent\u00e9e par vid\u00e9oconf\u00e9rence depuis Turin, a conclu la premi\u00e8re semaine du programme du cours, qui se poursuivra jusqu&rsquo;au 27 septembre.<\/p>\n\n\n\n<figure class=\"wp-block-image size-large\"><img loading=\"lazy\" decoding=\"async\" width=\"1024\" height=\"521\" src=\"https:\/\/consolataafrica.org\/fr\/wp-content\/uploads\/2025\/09\/20250909Ugo2-1024x521.jpg\" alt=\"\" class=\"wp-image-1749\" srcset=\"https:\/\/consolataafrica.org\/fr\/wp-content\/uploads\/2025\/09\/20250909Ugo2-1024x521.jpg 1024w, https:\/\/consolataafrica.org\/fr\/wp-content\/uploads\/2025\/09\/20250909Ugo2-300x153.jpg 300w, https:\/\/consolataafrica.org\/fr\/wp-content\/uploads\/2025\/09\/20250909Ugo2-768x391.jpg 768w, https:\/\/consolataafrica.org\/fr\/wp-content\/uploads\/2025\/09\/20250909Ugo2.jpg 1230w\" sizes=\"auto, (max-width: 1024px) 100vw, 1024px\" \/><figcaption class=\"wp-element-caption\">14 p\u00e8res et 1 fr\u00e8re d\u2019Afrique, d\u2019Am\u00e9rique latine et d\u2019Europe participent au cours.<\/figcaption><\/figure>\n\n\n\n<p>\u00ab J\u00e9sus, toujours attentif \u00e0 ceux qu&rsquo;il a appel\u00e9s et choisis, a organis\u00e9 un deuxi\u00e8me appel \u00bb, a rappel\u00e9 le p\u00e8re Ugo. \u00ab Apr\u00e8s cela, J\u00e9sus se r\u00e9v\u00e9la de nouveau \u00e0 ses disciples sur la mer de Tib\u00e9riade&#8230; \u00bb. \u00ab C&rsquo;\u00e9tait une communaut\u00e9 bless\u00e9e qui avait perdu espoir, surtout dans le projet de J\u00e9sus. Cependant, la p\u00eache miraculeuse a raviv\u00e9 le feu de l&rsquo;appel. Pierre s&rsquo;est jet\u00e9 \u00e0 l&rsquo;eau pour rejoindre J\u00e9sus. Il s&rsquo;est senti rena\u00eetre du d\u00e9sespoir \u00bb.<\/p>\n\n\n\n<p><strong>Lire aussi:<\/strong> <strong><a href=\"https:\/\/consolataafrica.org\/fr\/cours-g25-analyse-generale-de-la-vie-consacree-et-de-linstitut\/\">Analyse g\u00e9n\u00e9rale de la vie consacr\u00e9e et de l\u2019Institut<\/a><\/strong><\/p>\n\n\n\n<p> <a href=\"https:\/\/consolataafrica.org\/fr\/cours-g25-la-parole-de-dieu-comme-guide-dans-la-vie-consacree\/\" target=\"_blank\" rel=\"noreferrer noopener\"><strong>Cours G25 : \u00ab La Parole de Dieu comme guide dans la vie consacr\u00e9e \u00bb<\/strong><\/a><\/p>\n\n\n\n<p><a href=\"https:\/\/consolataafrica.org\/fr\/debut-du-deuxieme-cours-de-formation-continue-a-rome\/\" target=\"_blank\" rel=\"noreferrer noopener\"><strong>D\u00e9but du deuxi\u00e8me cours de Formation Continue \u00e0 Rome<\/strong><\/a><\/p>\n\n\n\n<p>Faisant le lien entre ce texte et la situation des participants au cours de formation continue, l&rsquo;intervenant a d\u00e9clar\u00e9 que \u00ab les crises dans la vie consacr\u00e9e sont in\u00e9vitables, le d\u00e9couragement et les d\u00e9ceptions seront toujours pr\u00e9sents dans notre vie missionnaire. Mais nous ne devons pas abandonner. J\u00e9sus vient vers nous pour raviver le feu de notre appel \u00bb.<\/p>\n\n\n\n<figure class=\"wp-block-image size-large\"><img loading=\"lazy\" decoding=\"async\" width=\"1024\" height=\"681\" src=\"https:\/\/consolataafrica.org\/fr\/wp-content\/uploads\/2025\/09\/20250909Ugo3-1024x681.jpg\" alt=\"\" class=\"wp-image-1750\" srcset=\"https:\/\/consolataafrica.org\/fr\/wp-content\/uploads\/2025\/09\/20250909Ugo3-1024x681.jpg 1024w, https:\/\/consolataafrica.org\/fr\/wp-content\/uploads\/2025\/09\/20250909Ugo3-300x200.jpg 300w, https:\/\/consolataafrica.org\/fr\/wp-content\/uploads\/2025\/09\/20250909Ugo3-768x511.jpg 768w, https:\/\/consolataafrica.org\/fr\/wp-content\/uploads\/2025\/09\/20250909Ugo3.jpg 1230w\" sizes=\"auto, (max-width: 1024px) 100vw, 1024px\" \/><\/figure>\n\n\n\n<p>Dans cette sc\u00e8ne, \u00ab J\u00e9sus a pr\u00e9par\u00e9 le petit-d\u00e9jeuner pour ses disciples avec du pain dont ils ne savaient pas d&rsquo;o\u00f9 il venait et avec des poissons qu&rsquo;ils n&rsquo;avaient pas p\u00each\u00e9s. Tout comme il l&rsquo;avait fait lors de la derni\u00e8re C\u00e8ne, il a pris le pain et le leur a donn\u00e9. Ils avaient pass\u00e9 toute la nuit \u00e0 p\u00eacher, ils \u00e9taient donc physiquement fatigu\u00e9s et \u00e9motionnellement d\u00e9\u00e7us de n&rsquo;avoir rien p\u00each\u00e9. J\u00e9sus leur a montr\u00e9, et il veut nous enseigner la m\u00eame chose, \u00e0 avoir pleinement confiance en lui et \u00e0 croire qu&rsquo;avec lui, nous aurons toujours tout ce dont nous avons besoin \u00bb.<\/p>\n\n\n\n<p>Le deuxi\u00e8me aspect soulign\u00e9 par le texte \u00e9vang\u00e9lique \u00e9tait l&rsquo;importance de la communaut\u00e9. \u00ab&nbsp;Lorsque Pierre a d\u00e9cid\u00e9 d&rsquo;aller p\u00eacher, les autres se sont sentis oblig\u00e9s de l&rsquo;accompagner. On peut donc dire que toute la communaut\u00e9 s&rsquo;est \u00e9loign\u00e9e. Cependant, apr\u00e8s la p\u00eache miraculeuse, le disciple bien-aim\u00e9 a \u00e9t\u00e9 le premier \u00e0 faire remarquer \u00e0 Pierre et aux autres que l&rsquo;homme debout devant le lac \u00e9tait le Seigneur \u00bb.<\/p>\n\n\n\n<figure class=\"wp-block-image size-large\"><img loading=\"lazy\" decoding=\"async\" width=\"1024\" height=\"576\" src=\"https:\/\/consolataafrica.org\/fr\/wp-content\/uploads\/2025\/09\/20250909Ugo5-1024x576.jpg\" alt=\"\" class=\"wp-image-1751\" srcset=\"https:\/\/consolataafrica.org\/fr\/wp-content\/uploads\/2025\/09\/20250909Ugo5-1024x576.jpg 1024w, https:\/\/consolataafrica.org\/fr\/wp-content\/uploads\/2025\/09\/20250909Ugo5-300x169.jpg 300w, https:\/\/consolataafrica.org\/fr\/wp-content\/uploads\/2025\/09\/20250909Ugo5-768x432.jpg 768w, https:\/\/consolataafrica.org\/fr\/wp-content\/uploads\/2025\/09\/20250909Ugo5.jpg 1230w\" sizes=\"auto, (max-width: 1024px) 100vw, 1024px\" \/><\/figure>\n\n\n\n<p>Selon notre charisme, \u00ab nous sommes consacr\u00e9s \u00e0 la mission dans la famille de la Consolata. Dans les succ\u00e8s, nous sommes heureux avec la communaut\u00e9 et dans les \u00e9checs, la communaut\u00e9 devrait \u00eatre notre refuge et notre soutien. La famille \u00e0 laquelle nous appartenons nous aide \u00e0 discerner et \u00e0 accueillir la volont\u00e9 de Dieu. En cas d&rsquo;\u00e9chec, elle vient nous relever et nous montrer le Seigneur qui nous attend au bord du lac. Nous devrions toujours exprimer la joie d&rsquo;appartenir et de travailler dans une communaut\u00e9 \u00bb, a-t-il observ\u00e9.<\/p>\n\n\n\n<p>En milieu de matin\u00e9e, les missionnaires se sont r\u00e9unis en groupes respectifs pour approfondir les contributions re\u00e7ues. Ensuite, ils ont partag\u00e9 leurs r\u00e9flexions en pl\u00e9ni\u00e8re. L&rsquo;apr\u00e8s-midi, le groupe a eu du temps libre pour visiter certains lieux de la ville de Rome.<\/p>\n\n\n\n<p class=\"fonte\"><em>* P\u00e8re Stephen Gichoki Ngari, IMC, missionnaire en Colombie.<\/em><\/p>\n","protected":false},"excerpt":{"rendered":"<p>S&rsquo;inspirant du texte biblique selon Jean, chapitre 21, 1-14, J\u00e9sus ressuscit\u00e9 et les disciples, le p\u00e8re Ugo Pozzoli, IMC, a rappel\u00e9 aux missionnaires de la Consolata jubilaires r\u00e9unis \u00e0 Rome pour le cours de formation permanente la n\u00e9cessit\u00e9 de repartir du Christ. Apr\u00e8s la mort de J\u00e9sus, Pierre et ses compagnons se sont retrouv\u00e9s bless\u00e9s et d\u00e9sabus\u00e9s au point de retourner \u00e0 leur occupation initiale.<\/p>\n","protected":false},"author":1,"featured_media":1748,"comment_status":"closed","ping_status":"closed","sticky":false,"template":"","format":"standard","meta":{"footnotes":""},"categories":[3,6,67,4,68],"tags":[131,179,22],"class_list":["post-1747","post","type-post","status-publish","format-standard","has-post-thumbnail","hentry","category-a-la-une","category-a-la-une-nouvelles","category-mission","category-nouvelles","category-spiritualite","tag-formation-permanente","tag-g25","tag-missionnaires-de-la-consolata"],"yoast_head":"<!-- This site is optimized with the Yoast SEO plugin v22.5 - https:\/\/yoast.com\/wordpress\/plugins\/seo\/ -->\n<title>Repartir du Christ : raviver le feu de la vocation - Consolata Africa<\/title>\n<meta name=\"robots\" content=\"index, follow, max-snippet:-1, max-image-preview:large, max-video-preview:-1\" \/>\n<link rel=\"canonical\" href=\"https:\/\/consolataafrica.org\/fr\/repartir-du-christ-raviver-le-feu-de-la-vocation\/\" \/>\n<meta property=\"og:locale\" content=\"fr_FR\" \/>\n<meta property=\"og:type\" content=\"article\" \/>\n<meta property=\"og:title\" content=\"Repartir du Christ : raviver le feu de la vocation - Consolata Africa\" \/>\n<meta property=\"og:description\" content=\"S&#039;inspirant du texte biblique selon Jean, chapitre 21, 1-14, J\u00e9sus ressuscit\u00e9 et les disciples, le p\u00e8re Ugo Pozzoli, IMC, a rappel\u00e9 aux missionnaires de la Consolata jubilaires r\u00e9unis \u00e0 Rome pour le cours de formation permanente la n\u00e9cessit\u00e9 de repartir du Christ. Apr\u00e8s la mort de J\u00e9sus, Pierre et ses compagnons se sont retrouv\u00e9s bless\u00e9s et d\u00e9sabus\u00e9s au point de retourner \u00e0 leur occupation initiale.\" \/>\n<meta property=\"og:url\" content=\"https:\/\/consolataafrica.org\/fr\/repartir-du-christ-raviver-le-feu-de-la-vocation\/\" \/>\n<meta property=\"og:site_name\" content=\"Consolata Africa\" \/>\n<meta property=\"article:published_time\" content=\"2025-09-10T15:23:29+00:00\" \/>\n<meta property=\"article:modified_time\" content=\"2025-09-15T18:44:26+00:00\" \/>\n<meta property=\"og:image\" content=\"https:\/\/consolataafrica.org\/fr\/wp-content\/uploads\/2025\/09\/20250910Ugo.jpg\" \/>\n\t<meta property=\"og:image:width\" content=\"1230\" \/>\n\t<meta property=\"og:image:height\" content=\"692\" \/>\n\t<meta property=\"og:image:type\" content=\"image\/jpeg\" \/>\n<meta name=\"author\" content=\"consaf@adm\" \/>\n<meta name=\"twitter:card\" content=\"summary_large_image\" \/>\n<meta name=\"twitter:label1\" content=\"\u00c9crit par\" \/>\n\t<meta name=\"twitter:data1\" content=\"consaf@adm\" \/>\n\t<meta name=\"twitter:label2\" content=\"Dur\u00e9e de lecture estim\u00e9e\" \/>\n\t<meta name=\"twitter:data2\" content=\"4 minutes\" \/>\n<script type=\"application\/ld+json\" class=\"yoast-schema-graph\">{\"@context\":\"https:\/\/schema.org\",\"@graph\":[{\"@type\":\"WebPage\",\"@id\":\"https:\/\/consolataafrica.org\/fr\/repartir-du-christ-raviver-le-feu-de-la-vocation\/\",\"url\":\"https:\/\/consolataafrica.org\/fr\/repartir-du-christ-raviver-le-feu-de-la-vocation\/\",\"name\":\"Repartir du Christ : raviver le feu de la vocation - Consolata Africa\",\"isPartOf\":{\"@id\":\"https:\/\/consolataafrica.org\/fr\/#website\"},\"primaryImageOfPage\":{\"@id\":\"https:\/\/consolataafrica.org\/fr\/repartir-du-christ-raviver-le-feu-de-la-vocation\/#primaryimage\"},\"image\":{\"@id\":\"https:\/\/consolataafrica.org\/fr\/repartir-du-christ-raviver-le-feu-de-la-vocation\/#primaryimage\"},\"thumbnailUrl\":\"https:\/\/consolataafrica.org\/fr\/wp-content\/uploads\/2025\/09\/20250910Ugo.jpg\",\"datePublished\":\"2025-09-10T15:23:29+00:00\",\"dateModified\":\"2025-09-15T18:44:26+00:00\",\"author\":{\"@id\":\"https:\/\/consolataafrica.org\/fr\/#\/schema\/person\/4a24ca8466fa182069d14eba7ca61e4a\"},\"breadcrumb\":{\"@id\":\"https:\/\/consolataafrica.org\/fr\/repartir-du-christ-raviver-le-feu-de-la-vocation\/#breadcrumb\"},\"inLanguage\":\"fr-FR\",\"potentialAction\":[{\"@type\":\"ReadAction\",\"target\":[\"https:\/\/consolataafrica.org\/fr\/repartir-du-christ-raviver-le-feu-de-la-vocation\/\"]}]},{\"@type\":\"ImageObject\",\"inLanguage\":\"fr-FR\",\"@id\":\"https:\/\/consolataafrica.org\/fr\/repartir-du-christ-raviver-le-feu-de-la-vocation\/#primaryimage\",\"url\":\"https:\/\/consolataafrica.org\/fr\/wp-content\/uploads\/2025\/09\/20250910Ugo.jpg\",\"contentUrl\":\"https:\/\/consolataafrica.org\/fr\/wp-content\/uploads\/2025\/09\/20250910Ugo.jpg\",\"width\":1230,\"height\":692},{\"@type\":\"BreadcrumbList\",\"@id\":\"https:\/\/consolataafrica.org\/fr\/repartir-du-christ-raviver-le-feu-de-la-vocation\/#breadcrumb\",\"itemListElement\":[{\"@type\":\"ListItem\",\"position\":1,\"name\":\"Accueil\",\"item\":\"https:\/\/consolataafrica.org\/fr\/\"},{\"@type\":\"ListItem\",\"position\":2,\"name\":\"Repartir du Christ : raviver le feu de la vocation\"}]},{\"@type\":\"WebSite\",\"@id\":\"https:\/\/consolataafrica.org\/fr\/#website\",\"url\":\"https:\/\/consolataafrica.org\/fr\/\",\"name\":\"Consolata Africa\",\"description\":\"Consolata Missionaries in the Continent of Africa\",\"potentialAction\":[{\"@type\":\"SearchAction\",\"target\":{\"@type\":\"EntryPoint\",\"urlTemplate\":\"https:\/\/consolataafrica.org\/fr\/?s={search_term_string}\"},\"query-input\":\"required name=search_term_string\"}],\"inLanguage\":\"fr-FR\"},{\"@type\":\"Person\",\"@id\":\"https:\/\/consolataafrica.org\/fr\/#\/schema\/person\/4a24ca8466fa182069d14eba7ca61e4a\",\"name\":\"consaf@adm\",\"sameAs\":[\"https:\/\/consolataafrica.org\/fr\"],\"url\":\"https:\/\/consolataafrica.org\/fr\/author\/consafadm\/\"}]}<\/script>\n<!-- \/ Yoast SEO plugin. -->","yoast_head_json":{"title":"Repartir du Christ : raviver le feu de la vocation - Consolata Africa","robots":{"index":"index","follow":"follow","max-snippet":"max-snippet:-1","max-image-preview":"max-image-preview:large","max-video-preview":"max-video-preview:-1"},"canonical":"https:\/\/consolataafrica.org\/fr\/repartir-du-christ-raviver-le-feu-de-la-vocation\/","og_locale":"fr_FR","og_type":"article","og_title":"Repartir du Christ : raviver le feu de la vocation - Consolata Africa","og_description":"S'inspirant du texte biblique selon Jean, chapitre 21, 1-14, J\u00e9sus ressuscit\u00e9 et les disciples, le p\u00e8re Ugo Pozzoli, IMC, a rappel\u00e9 aux missionnaires de la Consolata jubilaires r\u00e9unis \u00e0 Rome pour le cours de formation permanente la n\u00e9cessit\u00e9 de repartir du Christ. Apr\u00e8s la mort de J\u00e9sus, Pierre et ses compagnons se sont retrouv\u00e9s bless\u00e9s et d\u00e9sabus\u00e9s au point de retourner \u00e0 leur occupation initiale.","og_url":"https:\/\/consolataafrica.org\/fr\/repartir-du-christ-raviver-le-feu-de-la-vocation\/","og_site_name":"Consolata Africa","article_published_time":"2025-09-10T15:23:29+00:00","article_modified_time":"2025-09-15T18:44:26+00:00","og_image":[{"width":1230,"height":692,"url":"https:\/\/consolataafrica.org\/fr\/wp-content\/uploads\/2025\/09\/20250910Ugo.jpg","type":"image\/jpeg"}],"author":"consaf@adm","twitter_card":"summary_large_image","twitter_misc":{"\u00c9crit par":"consaf@adm","Dur\u00e9e de lecture estim\u00e9e":"4 minutes"},"schema":{"@context":"https:\/\/schema.org","@graph":[{"@type":"WebPage","@id":"https:\/\/consolataafrica.org\/fr\/repartir-du-christ-raviver-le-feu-de-la-vocation\/","url":"https:\/\/consolataafrica.org\/fr\/repartir-du-christ-raviver-le-feu-de-la-vocation\/","name":"Repartir du Christ : raviver le feu de la vocation - Consolata Africa","isPartOf":{"@id":"https:\/\/consolataafrica.org\/fr\/#website"},"primaryImageOfPage":{"@id":"https:\/\/consolataafrica.org\/fr\/repartir-du-christ-raviver-le-feu-de-la-vocation\/#primaryimage"},"image":{"@id":"https:\/\/consolataafrica.org\/fr\/repartir-du-christ-raviver-le-feu-de-la-vocation\/#primaryimage"},"thumbnailUrl":"https:\/\/consolataafrica.org\/fr\/wp-content\/uploads\/2025\/09\/20250910Ugo.jpg","datePublished":"2025-09-10T15:23:29+00:00","dateModified":"2025-09-15T18:44:26+00:00","author":{"@id":"https:\/\/consolataafrica.org\/fr\/#\/schema\/person\/4a24ca8466fa182069d14eba7ca61e4a"},"breadcrumb":{"@id":"https:\/\/consolataafrica.org\/fr\/repartir-du-christ-raviver-le-feu-de-la-vocation\/#breadcrumb"},"inLanguage":"fr-FR","potentialAction":[{"@type":"ReadAction","target":["https:\/\/consolataafrica.org\/fr\/repartir-du-christ-raviver-le-feu-de-la-vocation\/"]}]},{"@type":"ImageObject","inLanguage":"fr-FR","@id":"https:\/\/consolataafrica.org\/fr\/repartir-du-christ-raviver-le-feu-de-la-vocation\/#primaryimage","url":"https:\/\/consolataafrica.org\/fr\/wp-content\/uploads\/2025\/09\/20250910Ugo.jpg","contentUrl":"https:\/\/consolataafrica.org\/fr\/wp-content\/uploads\/2025\/09\/20250910Ugo.jpg","width":1230,"height":692},{"@type":"BreadcrumbList","@id":"https:\/\/consolataafrica.org\/fr\/repartir-du-christ-raviver-le-feu-de-la-vocation\/#breadcrumb","itemListElement":[{"@type":"ListItem","position":1,"name":"Accueil","item":"https:\/\/consolataafrica.org\/fr\/"},{"@type":"ListItem","position":2,"name":"Repartir du Christ : raviver le feu de la vocation"}]},{"@type":"WebSite","@id":"https:\/\/consolataafrica.org\/fr\/#website","url":"https:\/\/consolataafrica.org\/fr\/","name":"Consolata Africa","description":"Consolata Missionaries in the Continent of Africa","potentialAction":[{"@type":"SearchAction","target":{"@type":"EntryPoint","urlTemplate":"https:\/\/consolataafrica.org\/fr\/?s={search_term_string}"},"query-input":"required name=search_term_string"}],"inLanguage":"fr-FR"},{"@type":"Person","@id":"https:\/\/consolataafrica.org\/fr\/#\/schema\/person\/4a24ca8466fa182069d14eba7ca61e4a","name":"consaf@adm","sameAs":["https:\/\/consolataafrica.org\/fr"],"url":"https:\/\/consolataafrica.org\/fr\/author\/consafadm\/"}]}},"_links":{"self":[{"href":"https:\/\/consolataafrica.org\/fr\/wp-json\/wp\/v2\/posts\/1747","targetHints":{"allow":["GET"]}}],"collection":[{"href":"https:\/\/consolataafrica.org\/fr\/wp-json\/wp\/v2\/posts"}],"about":[{"href":"https:\/\/consolataafrica.org\/fr\/wp-json\/wp\/v2\/types\/post"}],"author":[{"embeddable":true,"href":"https:\/\/consolataafrica.org\/fr\/wp-json\/wp\/v2\/users\/1"}],"replies":[{"embeddable":true,"href":"https:\/\/consolataafrica.org\/fr\/wp-json\/wp\/v2\/comments?post=1747"}],"version-history":[{"count":2,"href":"https:\/\/consolataafrica.org\/fr\/wp-json\/wp\/v2\/posts\/1747\/revisions"}],"predecessor-version":[{"id":1754,"href":"https:\/\/consolataafrica.org\/fr\/wp-json\/wp\/v2\/posts\/1747\/revisions\/1754"}],"wp:featuredmedia":[{"embeddable":true,"href":"https:\/\/consolataafrica.org\/fr\/wp-json\/wp\/v2\/media\/1748"}],"wp:attachment":[{"href":"https:\/\/consolataafrica.org\/fr\/wp-json\/wp\/v2\/media?parent=1747"}],"wp:term":[{"taxonomy":"category","embeddable":true,"href":"https:\/\/consolataafrica.org\/fr\/wp-json\/wp\/v2\/categories?post=1747"},{"taxonomy":"post_tag","embeddable":true,"href":"https:\/\/consolataafrica.org\/fr\/wp-json\/wp\/v2\/tags?post=1747"}],"curies":[{"name":"wp","href":"https:\/\/api.w.org\/{rel}","templated":true}]}}